{"id":1464,"date":"2019-01-08T08:21:51","date_gmt":"2019-01-08T08:21:51","guid":{"rendered":"http:\/\/elobservatorio.com.mx\/se-respeta-el-servicio-medico-para-trabajadores-del-snte-39"},"modified":"2019-01-08T08:21:51","modified_gmt":"2019-01-08T08:21:51","slug":"se-respeta-el-servicio-medico-para-trabajadores-del-snte-39","status":"publish","type":"post","link":"http:\/\/elobservatorio.com.mx\/?p=1464","title":{"rendered":"Se respeta el servicio m\u00e9dico para trabajadores del SNTE 39"},"content":{"rendered":"<p><em>*La Ley de Austeridad garantiza que si tengan un servicio m\u00e9dico; ser\u00e1 en el IMSS u otra instituci\u00f3n el que lo proporcione de acuerdo a convenios laborales del Gobierno y Secci\u00f3n 39.<\/em><\/p>\n<p>El servicio m\u00e9dico para los trabajadores de la educaci\u00f3n adheridos a la Secci\u00f3n 39 del Sindicato Nacional de Trabajadores de la Educaci\u00f3n (SNTE) se encuentra garantizado en la Ley de Austeridad y en las reformas realizadas a la Ley de Pensiones, afirm\u00f3 la coordinadora de la Comisi\u00f3n de Gobierno Interno y Acuerdos Parlamentarios del Congreso del Estado, Jazm\u00edn Garc\u00eda Ram\u00edrez.<\/p>\n<p>Sin embargo, la tambi\u00e9n coordinadora de la Fracci\u00f3n Parlamentaria de Morena en la Quincuag\u00e9sima Novena Legislatura Local refiri\u00f3 que en este tema esta prestaci\u00f3n para los trabajadores de la educaci\u00f3n \u201cno tendr\u00e1n ninguna afectaci\u00f3n\u201d.<\/p>\n<p>Garc\u00eda Ram\u00edrez, sin embargo, no aclar\u00f3 si este servicio se prestar\u00e1 a trav\u00e9s de alguna instituci\u00f3n o bien a trav\u00e9s de servicio m\u00e9dico privado.<\/p>\n<p>\u201cNosotros garantizamos que si tengan un servicio m\u00e9dico porque la Ley de Pensiones que fue aprobada previamente, pero que a\u00fan no estaba en vigor hasta el 1 de enero preve\u00eda que el servicio m\u00e9dico iba a ser proporcionado por un Instituto pero lo dejaba sin nombre.<\/p>\n<p>\u201cEntonces, hicimos que si tengan un servicio m\u00e9dico m\u00ednimamente sea el Seguro Social o alguno que el estado elija para sus trabajadores pero que no quede al arbitrio, y no afecte\u201d, apunt\u00f3.<\/p>\n<p>La coordinadora de Morena en el Congreso del Estado reiter\u00f3 que la Ley de Austeridad entr\u00f3 en vigor el 21 de diciembre de 2018, mientras la de Pensiones el 1 de enero de 2019, \u201cla posterior hace las precisiones de la que fue de manera previa\u201d.<\/p>\n<p>Insisti\u00f3 que la Ley de Pensiones continua vigente \u201cen los t\u00e9rminos en los que estaba solo que se le agregar\u00eda lo de la Ley de Austeridad que es el otorgamiento de un servicio m\u00e9dico sin dejarlo a un posterior creaci\u00f3n de un instituto, es complementaria\u201d.<\/p>\n<p>Dijo que la Ley de Pensiones refiere que todo lo que haya sido acordado entre el sindicato y el Gobierno del Estado continuar\u00e1 en los t\u00e9rminos que se hayan pactado.<\/p>\n<p>\u201cEs obligaci\u00f3n del Ejecutivo proporcionar el servicio m\u00e9dico, lo \u00fanico que nosotros garantizamos es que se proporcione el mismo y que no quede arbitrariamente a un instituto sin nombre\u201d.<\/p>\n<p>La diputada consider\u00f3 que no hay transgresiones a los derechos humanos de los trabajadores, \u201cal contrario esto vendr\u00eda a fortalecer\u201d.<\/p>\n<p>Afirm\u00f3 que ha tenido pl\u00e1ticas con trabajadores de la Secci\u00f3n 39 del SNTE que refieren que m\u00e9dicos no quieren prestarles los servicios porque no les han pagado, por ello aprobaron la Ley de Austeridad que \u201cobliga a que si est\u00e9 garantizado el servicio m\u00e9dico as\u00ed sean en una instituci\u00f3n p\u00fablica, pero si por lo pactado tienen un servicio m\u00e9dico particular eso es una negociaci\u00f3n directa entre el sindicato y el ejecutivo\u201d.<\/p>\n<p>Al referirse al percance automovil\u00edstico que sufriera el ex candidato a la alcald\u00eda de Colima por el Partido Movimiento de Regeneraci\u00f3n Nacional, Rafael Brise\u00f1o Alcaraz (actual regidor), la l\u00edder de la bancada de Morena en el Congreso Estatal haya abandonado el lugar de los hechos dejando dos personas heridas.<\/p>\n<p>La coordinadora de la Comisi\u00f3n de Gobierno Interno y Acuerdos Parlamentarios del Congreso del Estado, abund\u00f3 que a la Fiscal\u00eda General del Estado le corresponde deslindar responsabilidades, y a los peritos la mec\u00e1nica del hecho.<\/p>\n<p>Afirm\u00f3 que no solo un regidor sino todos los ciudadanos tienen que cumplir la ley, \u201cy obviamente si Rafael Brise\u00f1o ciudadano, incluso si iba como regidor, realiz\u00f3 un acto indebido tenga que pagar por el mismo\u201d.<\/p>\n<p>Insisti\u00f3 que el mun\u00edcipe no hizo bien en retirarse, \u201cuna cuesti\u00f3n que te hace responsable es que al momento de un il\u00edcito es quedarte, brindar las facilidades y si tienes mejores condiciones f\u00edsicas que la otra persona con quien tuviste el accidente tienes la obligaci\u00f3n, m\u00e1s all\u00e1 de ser regidor, ciudadano, como humano de llamar y atender que la otra persona sea revisada, que est\u00e9 bien\u201d.<\/p>\n<p>Por \u00faltimo, refiri\u00f3 que en este tema debe agotarse el procedimiento legal, para posteriormente al interior de Morena determinar si hubo un comportamiento contrario a los principios de Morena.<\/p>\n","protected":false},"excerpt":{"rendered":"<p>*La Ley de Austeridad garantiza que si tengan un servicio m\u00e9dico; ser\u00e1 en el IMSS u otra instituci\u00f3n el que lo proporcione de acuerdo a convenios laborales del Gobierno y Secci\u00f3n 39. El servicio m\u00e9dico para los trabajadores de la educaci\u00f3n adheridos a la Secci\u00f3n 39 del Sindicato Nacional de Trabajadores de la Educaci\u00f3n (SNTE)&#8230;<\/p>\n","protected":false},"author":2,"featured_media":1465,"comment_status":"open","ping_status":"open","sticky":false,"template":"","format":"standard","meta":{"footnotes":""},"categories":[1],"tags":[29,30,28],"class_list":["post-1464","post","type-post","status-publish","format-standard","has-post-thumbnail","hentry","category-espacio-legislativo","tag-grid","tag-news","tag-slider"],"_links":{"self":[{"href":"http:\/\/elobservatorio.com.mx\/index.php?rest_route=\/wp\/v2\/posts\/1464"}],"collection":[{"href":"http:\/\/elobservatorio.com.mx\/index.php?rest_route=\/wp\/v2\/posts"}],"about":[{"href":"http:\/\/elobservatorio.com.mx\/index.php?rest_route=\/wp\/v2\/types\/post"}],"author":[{"embeddable":true,"href":"http:\/\/elobservatorio.com.mx\/index.php?rest_route=\/wp\/v2\/users\/2"}],"replies":[{"embeddable":true,"href":"http:\/\/elobservatorio.com.mx\/index.php?rest_route=%2Fwp%2Fv2%2Fcomments&post=1464"}],"version-history":[{"count":0,"href":"http:\/\/elobservatorio.com.mx\/index.php?rest_route=\/wp\/v2\/posts\/1464\/revisions"}],"wp:featuredmedia":[{"embeddable":true,"href":"http:\/\/elobservatorio.com.mx\/index.php?rest_route=\/wp\/v2\/media\/1465"}],"wp:attachment":[{"href":"http:\/\/elobservatorio.com.mx\/index.php?rest_route=%2Fwp%2Fv2%2Fmedia&parent=1464"}],"wp:term":[{"taxonomy":"category","embeddable":true,"href":"http:\/\/elobservatorio.com.mx\/index.php?rest_route=%2Fwp%2Fv2%2Fcategories&post=1464"},{"taxonomy":"post_tag","embeddable":true,"href":"http:\/\/elobservatorio.com.mx\/index.php?rest_route=%2Fwp%2Fv2%2Ftags&post=1464"}],"curies":[{"name":"wp","href":"https:\/\/api.w.org\/{rel}","templated":true}]}}