{"id":1467,"date":"2019-01-08T08:46:46","date_gmt":"2019-01-08T08:46:46","guid":{"rendered":"http:\/\/elobservatorio.com.mx\/el-issste-tendra-un-presupuesto-de-323-mil-mdp-este-2019"},"modified":"2019-01-08T08:46:46","modified_gmt":"2019-01-08T08:46:46","slug":"el-issste-tendra-un-presupuesto-de-323-mil-mdp-este-2019","status":"publish","type":"post","link":"http:\/\/elobservatorio.com.mx\/?p=1467","title":{"rendered":"El ISSSTE tendr\u00e1 un presupuesto de 323 mil MDP este 2019"},"content":{"rendered":"<p><em>*Durante una reuni\u00f3n de trabajo el Director General,\u00a0<b>Luis Antonio Ram\u00edrez<\/b>, anunci\u00f3\u00a0que se contempla mejorar el programa preventivo en materia de salud, de manera que se refuerza el primer nivel de atenci\u00f3n.<\/em><\/p>\n<p><em>*Adelant\u00f3 que el\u00a0<b>ISSSTE<\/b>\u00a0participar\u00e1 de manera directa en el Plan Nacional de Salud que impulsa el Presidente de la Rep\u00fablica, Andr\u00e9s Manuel L\u00f3pez Obrador.<\/em><\/p>\n<p><em>*\u201cEl Instituto cuenta con la capacidad suficiente para atender a todos los funcionarios y servidores p\u00fablicos afiliados\u201d, destac\u00f3.<\/em><\/p>\n<p class=\"x_MsoNormal\">El Director General del Instituto de Seguridad y Servicios Sociales de los Trabajadores del Estado (<b><i>ISSSTE<\/i><\/b>),\u00a0<b><i>Luis Antonio Ram\u00edrez Pineda<\/i><\/b>, inform\u00f3 que este a\u00f1o la dependencia tendr\u00e1 un presupuesto de 323 mil millones de pesos, de los cuales el 75 por ciento est\u00e1 destinado a pensiones, es decir, 226 mil millones de pesos garantizados a un mill\u00f3n 100 mil pensionados y jubilados.<\/p>\n<p class=\"x_MsoNormal\">Acompa\u00f1ado del Presidente del CEN del SNTISSSTE, Luis Miguel Victoria Ranfla; los Directores Normativos del Instituto, as\u00ed como de los Vocales Ejecutivos de PENSIONISSSTE y FOVISSSTE, el titular del organismo anunci\u00f3 que dentro del presupuesto se contempla mejorar el programa preventivo en materia de salud, de manera que se reforzar\u00e1 el primer nivel de atenci\u00f3n y permita evitar que el paciente ingrese al segundo y\/o tercer nivel.<\/p>\n<p class=\"x_MsoNormal\">\u201cEstas acciones forman parte del Programa Nacional de Salud que implement\u00f3 el Presidente de la Rep\u00fablica, Andr\u00e9s Manuel L\u00f3pez Obrador, y que su primera etapa es en el sureste del pa\u00eds, particularmente en el tema de urgencias\u201d. Anunci\u00f3 que la pr\u00f3xima semana visitar\u00e1 Chiapas, Oaxaca, Tabasco y Veracruz para supervisar y detallar la planeaci\u00f3n que permita ofrecer servicios de salud gratuitos a toda la poblaci\u00f3n.<\/p>\n<p class=\"x_MsoNormal\">Se\u00f1al\u00f3 que en esos cuatro estados de la Rep\u00fablica se realizar\u00e1 una valoraci\u00f3n de c\u00f3mo se encuentra la infraestructura f\u00edsica, equipamiento, recursos humanos e insumos, con el fin de realizar un inventario y crear una estrategia para atender las necesidades prioritarias.<\/p>\n<p class=\"x_MsoNormal\">\u201cEn una segunda etapa, iremos al resto del sureste del pa\u00eds para poder tener ya un panorama completo. El equipo m\u00e9dico y las diferentes \u00e1reas del Instituto tienen toda la disposici\u00f3n para que podamos participar de manera directa, activa y apoyar a las y los mexicanos que m\u00e1s necesiten de los servicios\u201d, dijo el funcionario.<\/p>\n<p class=\"x_MsoNormal\"><b><i>Ram\u00edrez Pineda<\/i><\/b>\u00a0puntualiz\u00f3 que el retiro de seguros de gastos m\u00e9dicos mayores a funcionarios p\u00fablicos, no afecta en el servicio de atenci\u00f3n en las unidades hospitalarias del\u00a0<b><i>ISSSTE<\/i><\/b>, ya que cuenta con la capacidad de atenderlos.<\/p>\n<p class=\"x_MsoNormal\">\u201cEl n\u00famero de derechohabientes no aumenta ya que esos funcionarios ya estaban afiliados y se contemplan dentro de los 13 millones de derechohabientes que actualmente atiende el Instituto\u201d, aclar\u00f3.<\/p>\n<p class=\"x_MsoNormal\">El Director General del Instituto explic\u00f3 que a pesar de recibir un\u00a0<b><i>ISSSTE<\/i><\/b>\u00a0con contrastes, se realizar\u00e1 un trabajo intenso en las diferentes \u00e1reas para ser m\u00e1s racionales y los insumos no falten.<\/p>\n<p class=\"x_MsoNormal\"><b><i>Ram\u00edrez Pineda<\/i><\/b>\u00a0destac\u00f3 que este 2019 \u201cmejoraremos la atenci\u00f3n a pensionados y jubilados, invertiremos en infraestructura m\u00e9dica, se fortalecer\u00e1n los programas preventivos\u201d.<\/p>\n","protected":false},"excerpt":{"rendered":"<p>*Durante una reuni\u00f3n de trabajo el Director General,\u00a0Luis Antonio Ram\u00edrez, anunci\u00f3\u00a0que se contempla mejorar el programa preventivo en materia de salud, de manera que se refuerza el primer nivel de atenci\u00f3n. *Adelant\u00f3 que el\u00a0ISSSTE\u00a0participar\u00e1 de manera directa en el Plan Nacional de Salud que impulsa el Presidente de la Rep\u00fablica, Andr\u00e9s Manuel L\u00f3pez Obrador. *\u201cEl&#8230;<\/p>\n","protected":false},"author":2,"featured_media":1468,"comment_status":"open","ping_status":"open","sticky":false,"template":"","format":"standard","meta":{"footnotes":""},"categories":[13],"tags":[29,30,28],"class_list":["post-1467","post","type-post","status-publish","format-standard","has-post-thumbnail","hentry","category-nacion-y-mundo","tag-grid","tag-news","tag-slider"],"_links":{"self":[{"href":"http:\/\/elobservatorio.com.mx\/index.php?rest_route=\/wp\/v2\/posts\/1467"}],"collection":[{"href":"http:\/\/elobservatorio.com.mx\/index.php?rest_route=\/wp\/v2\/posts"}],"about":[{"href":"http:\/\/elobservatorio.com.mx\/index.php?rest_route=\/wp\/v2\/types\/post"}],"author":[{"embeddable":true,"href":"http:\/\/elobservatorio.com.mx\/index.php?rest_route=\/wp\/v2\/users\/2"}],"replies":[{"embeddable":true,"href":"http:\/\/elobservatorio.com.mx\/index.php?rest_route=%2Fwp%2Fv2%2Fcomments&post=1467"}],"version-history":[{"count":0,"href":"http:\/\/elobservatorio.com.mx\/index.php?rest_route=\/wp\/v2\/posts\/1467\/revisions"}],"wp:featuredmedia":[{"embeddable":true,"href":"http:\/\/elobservatorio.com.mx\/index.php?rest_route=\/wp\/v2\/media\/1468"}],"wp:attachment":[{"href":"http:\/\/elobservatorio.com.mx\/index.php?rest_route=%2Fwp%2Fv2%2Fmedia&parent=1467"}],"wp:term":[{"taxonomy":"category","embeddable":true,"href":"http:\/\/elobservatorio.com.mx\/index.php?rest_route=%2Fwp%2Fv2%2Fcategories&post=1467"},{"taxonomy":"post_tag","embeddable":true,"href":"http:\/\/elobservatorio.com.mx\/index.php?rest_route=%2Fwp%2Fv2%2Ftags&post=1467"}],"curies":[{"name":"wp","href":"https:\/\/api.w.org\/{rel}","templated":true}]}}