{"id":14687,"date":"2021-01-28T14:52:22","date_gmt":"2021-01-28T20:52:22","guid":{"rendered":"http:\/\/elobservatorio.com.mx\/?p=14687"},"modified":"2021-01-28T14:52:22","modified_gmt":"2021-01-28T20:52:22","slug":"operativos-de-seguridad-vial-no-son-caceria-de-brujas-en-contra-motos-adaptadas","status":"publish","type":"post","link":"http:\/\/elobservatorio.com.mx\/?p=14687","title":{"rendered":"Operativos de seguridad vial, no son cacer\u00eda de brujas en contra motos adaptadas"},"content":{"rendered":"<p class=\"x_MsoNormal\">*En relaci\u00f3n a las declaraciones del delegado de gobernaci\u00f3n Carlos Gonz\u00e1lez Palomino de \u201cpedir tregua\u201d entre taxis y mototaxis, la Secretar\u00eda de Movilidad aclara:<\/p>\n<p class=\"x_MsoNormal\">*Se descarta en todo momento, que las acciones de la Secretar\u00eda de Movilidad, de retirar de circularon a este tipo de veh\u00edculos por prestar ilegalmente un servicio de transporte p\u00fablico, sea una cacer\u00eda de brujas.<\/p>\n<p class=\"x_MsoNormal\">*Lo que a trav\u00e9s de Semov se lleva a cabo es la aplicaci\u00f3n de la Ley de\u00a0 Movilidad del Estado de Colima, en la cual, se establece claramente (en su art\u00edculo 203) las especificaciones f\u00edsico\/mec\u00e1nicas con las que debe de contar un veh\u00edculo de transporte p\u00fablico. Las motos adaptadas al prestar un servicio de transporte sin concesi\u00f3n y en veh\u00edculos inseguros, infringen la ley.<\/p>\n<p class=\"x_MsoNormal\">*En el Art\u00edculo 203 de la mencionada Ley se se\u00f1ala que \u201cTodos los veh\u00edculos de transporte p\u00fablico de hasta 9 pasajeros deber\u00e1n cumplir con las normas m\u00ednimas de seguridad que se establecen en las Normas Oficiales Mexicanas correspondientes y vigentes, tales como cintur\u00f3n de seguridad, testigo en el tablero, cabeceras en los asientos, sistema desempa\u00f1ante, reflejantes, veloc\u00edmetro, luces de posici\u00f3n, luces de reversa, frenos ABS, bolsas de aire, vidrios laminados, templados y plastificados, as\u00ed como un certificado de cumplimiento de pruebas de impacto frontal y lateral\u201d.<\/p>\n<p class=\"x_MsoNormal\">*Los operativos que se han llevado a cabo, tienen la \u00fanica motivaci\u00f3n de garantizar la seguridad de cualquier persona que necesite realizar un traslado para realizar sus actividades diarias. En los operativos, tambi\u00e9n se han remitido al corral\u00f3n autobuses y taxis que est\u00e1n mal estado, as\u00ed como autom\u00f3viles particulares que prestan servicio fuera de una App. Tampoco se trata de perjudicar directamente a las personas operadoras de motos adaptadas, no se trata de un tema personal ni enfocado a perjudicarlos; Es un tema de legalidad y seguridad vial.<\/p>\n<p class=\"x_MsoNormal\">*Sorprenden las declaraciones del Delegado de la Secretar\u00eda de Gobernaci\u00f3n, quien est\u00e1 pidiendo incurrir en una ilegalidad y violar el marco normativo que rige actualmente.<\/p>\n<p class=\"x_MsoNormal\">*Si el Delegado de la Secretar\u00eda de Gobernaci\u00f3n quiere intervenir en este tema, le recomendamos que acuda al Poder Legislativo para que en dado caso, sean las y los legisladores quienes hagan las modificaciones pertinentes a la Ley de Movilidad del Estado y este tipo de servicio sea regulado.<\/p>\n<p class=\"x_MsoNormal\">*Extra\u00f1a que el Delegado de la Secretar\u00eda de Gobernaci\u00f3n pretenda involucrar al Ejecutivo Estatal a trav\u00e9s de Semov a incurrir en actos violatorios de la Ley, cuando debe ser uno de los principales promotores del respeto al estado de derecho.<\/p>\n<p class=\"x_MsoNormal\">Por lo anterior, se le pide al se\u00f1or Carlos Gonz\u00e1lez Palomino que no pretenda que la dependencia estatal cometa una ilegalidad y, se le conmina a que se conduzca por los medios legales establecidos.<\/p>\n","protected":false},"excerpt":{"rendered":"<p>*En relaci\u00f3n a las declaraciones del delegado de gobernaci\u00f3n Carlos Gonz\u00e1lez Palomino de \u201cpedir tregua\u201d entre taxis y mototaxis, la Secretar\u00eda de Movilidad aclara: *Se descarta en todo momento, que las acciones de la Secretar\u00eda de Movilidad, de retirar de circularon a este tipo de veh\u00edculos por prestar ilegalmente un servicio de transporte p\u00fablico, sea&#8230;<\/p>\n","protected":false},"author":2,"featured_media":14688,"comment_status":"open","ping_status":"open","sticky":false,"template":"","format":"standard","meta":{"footnotes":""},"categories":[16],"tags":[29,30,28],"class_list":["post-14687","post","type-post","status-publish","format-standard","has-post-thumbnail","hentry","category-gobierno","tag-grid","tag-news","tag-slider"],"_links":{"self":[{"href":"http:\/\/elobservatorio.com.mx\/index.php?rest_route=\/wp\/v2\/posts\/14687"}],"collection":[{"href":"http:\/\/elobservatorio.com.mx\/index.php?rest_route=\/wp\/v2\/posts"}],"about":[{"href":"http:\/\/elobservatorio.com.mx\/index.php?rest_route=\/wp\/v2\/types\/post"}],"author":[{"embeddable":true,"href":"http:\/\/elobservatorio.com.mx\/index.php?rest_route=\/wp\/v2\/users\/2"}],"replies":[{"embeddable":true,"href":"http:\/\/elobservatorio.com.mx\/index.php?rest_route=%2Fwp%2Fv2%2Fcomments&post=14687"}],"version-history":[{"count":0,"href":"http:\/\/elobservatorio.com.mx\/index.php?rest_route=\/wp\/v2\/posts\/14687\/revisions"}],"wp:featuredmedia":[{"embeddable":true,"href":"http:\/\/elobservatorio.com.mx\/index.php?rest_route=\/wp\/v2\/media\/14688"}],"wp:attachment":[{"href":"http:\/\/elobservatorio.com.mx\/index.php?rest_route=%2Fwp%2Fv2%2Fmedia&parent=14687"}],"wp:term":[{"taxonomy":"category","embeddable":true,"href":"http:\/\/elobservatorio.com.mx\/index.php?rest_route=%2Fwp%2Fv2%2Fcategories&post=14687"},{"taxonomy":"post_tag","embeddable":true,"href":"http:\/\/elobservatorio.com.mx\/index.php?rest_route=%2Fwp%2Fv2%2Ftags&post=14687"}],"curies":[{"name":"wp","href":"https:\/\/api.w.org\/{rel}","templated":true}]}}