{"id":14693,"date":"2021-01-29T13:32:26","date_gmt":"2021-01-29T19:32:26","guid":{"rendered":"http:\/\/elobservatorio.com.mx\/?p=14693"},"modified":"2021-01-29T13:32:26","modified_gmt":"2021-01-29T19:32:26","slug":"colima-registra-30-casos-nuevos-y-11-decesos-por-covid-19-salud","status":"publish","type":"post","link":"http:\/\/elobservatorio.com.mx\/?p=14693","title":{"rendered":"Colima registra 30 casos nuevos y 11 decesos por Covid-19: Salud"},"content":{"rendered":"<p class=\"x_MsoNormal\">Las instituciones del Sector Salud reportan que la \u00faltima jornada, se registraron 30 nuevos casos y 11 muertes por Covid-19, con lo que la entidad alcanza 8 mil 555 positivos y 980 decesos, acumulados por esta causa.<\/p>\n<p class=\"x_MsoNormal\">La Secretar\u00eda de Salud y Bienestar Social informa que las 11 defunciones ocurrieron en 5 hombres y 6 mujeres, entre los 60 y 65 a\u00f1os de edad, todos estaban hospitalizados graves; eran originarios de Armer\u00eda, Colima, Coquimatl\u00e1n, Manzanillo, Tecom\u00e1n y Villa de \u00c1lvarez; 2 de ellos for\u00e1neos que se atend\u00edan en Manzanillo y Villa de \u00c1lvarez.<\/p>\n<p class=\"x_MsoNormal\">Adem\u00e1s, se informa que 12 mujeres fueron diagnosticadas como positivas al virus de SARS-CoV-2, entre los 30 y m\u00e1s de 65 a\u00f1os de edad; 8 reciben atenci\u00f3n ambulatoria, una est\u00e1 hospitalizada no grave y 3 hospitalizadas graves. Por residencia, 4 son de Colima, 4 de Villa de \u00c1lvarez, 2 de Manzanillo, una de Armer\u00eda y una de Cuauht\u00e9moc.<\/p>\n<p class=\"x_MsoNormal\">Asimismo, los hombres diagnosticados positivos fueron 18, con edades entre los 20 y m\u00e1s de 65 a\u00f1os; 12 reciben atenci\u00f3n ambulatoria y 6 est\u00e1n hospitalizados graves. Por residencia, 6 son de Villa de \u00c1lvarez, 4 de Colima, 3 de Manzanillo, 2 de Tecom\u00e1n uno de Coquimatl\u00e1n, uno de Cuauht\u00e9moc y uno de Ixtlahuac\u00e1n.<\/p>\n<p class=\"x_MsoNormal\">En esta jornada se registr\u00f3 un caso for\u00e1neo, en un hombre mayor de 65 a\u00f1os de edad, que se encuentra hospitalizado grave y, ser\u00e1n registrado en su entidad de origen.<\/p>\n<p class=\"x_MsoNormal\">La Secretar\u00eda de Salud se\u00f1ala que para reducir contagios y cortar cadena de transmisi\u00f3n debe extremarse aseo de manos, barrera con cubrebocas, cuidado de superficies y objetos contaminados, distancia suficiente entre personas y preferir espacios ventilados.<\/p>\n","protected":false},"excerpt":{"rendered":"<p>Las instituciones del Sector Salud reportan que la \u00faltima jornada, se registraron 30 nuevos casos y 11 muertes por Covid-19, con lo que la entidad alcanza 8 mil 555 positivos y 980 decesos, acumulados por esta causa. La Secretar\u00eda de Salud y Bienestar Social informa que las 11 defunciones ocurrieron en 5 hombres y 6&#8230;<\/p>\n","protected":false},"author":2,"featured_media":14694,"comment_status":"open","ping_status":"open","sticky":false,"template":"","format":"standard","meta":{"footnotes":""},"categories":[9],"tags":[29,30,28],"class_list":["post-14693","post","type-post","status-publish","format-standard","has-post-thumbnail","hentry","category-agro-y-salud","tag-grid","tag-news","tag-slider"],"_links":{"self":[{"href":"http:\/\/elobservatorio.com.mx\/index.php?rest_route=\/wp\/v2\/posts\/14693"}],"collection":[{"href":"http:\/\/elobservatorio.com.mx\/index.php?rest_route=\/wp\/v2\/posts"}],"about":[{"href":"http:\/\/elobservatorio.com.mx\/index.php?rest_route=\/wp\/v2\/types\/post"}],"author":[{"embeddable":true,"href":"http:\/\/elobservatorio.com.mx\/index.php?rest_route=\/wp\/v2\/users\/2"}],"replies":[{"embeddable":true,"href":"http:\/\/elobservatorio.com.mx\/index.php?rest_route=%2Fwp%2Fv2%2Fcomments&post=14693"}],"version-history":[{"count":0,"href":"http:\/\/elobservatorio.com.mx\/index.php?rest_route=\/wp\/v2\/posts\/14693\/revisions"}],"wp:featuredmedia":[{"embeddable":true,"href":"http:\/\/elobservatorio.com.mx\/index.php?rest_route=\/wp\/v2\/media\/14694"}],"wp:attachment":[{"href":"http:\/\/elobservatorio.com.mx\/index.php?rest_route=%2Fwp%2Fv2%2Fmedia&parent=14693"}],"wp:term":[{"taxonomy":"category","embeddable":true,"href":"http:\/\/elobservatorio.com.mx\/index.php?rest_route=%2Fwp%2Fv2%2Fcategories&post=14693"},{"taxonomy":"post_tag","embeddable":true,"href":"http:\/\/elobservatorio.com.mx\/index.php?rest_route=%2Fwp%2Fv2%2Ftags&post=14693"}],"curies":[{"name":"wp","href":"https:\/\/api.w.org\/{rel}","templated":true}]}}