{"id":14750,"date":"2021-02-02T21:42:50","date_gmt":"2021-02-03T03:42:50","guid":{"rendered":"http:\/\/elobservatorio.com.mx\/?p=14750"},"modified":"2021-02-02T21:42:50","modified_gmt":"2021-02-03T03:42:50","slug":"cesar-villalobos-nuevo-encargado-del-hospital-regional-universitario","status":"publish","type":"post","link":"http:\/\/elobservatorio.com.mx\/?p=14750","title":{"rendered":"C\u00e9sar Villalobos nuevo encargado del Hospital Regional Universitario"},"content":{"rendered":"<p class=\"x_MsoNormal\">La secretaria de Salud, Leticia Delgado Carrillo, design\u00f3 encargado de la direcci\u00f3n del Hospital Regional Universitario a C\u00e9sar Javier Villalobos Alfaro, en sucesi\u00f3n de Jos\u00e9 Valtierra \u00c1lvarez, quien por tr\u00e1mites jubilatorios solicit\u00f3 su cambio.<\/p>\n<p class=\"x_MsoNormal\">La titular de la dependencia estatal destac\u00f3 los buenos oficios del director saliente, quien enfrent\u00f3 con entereza la contingencia sanitaria en el estado, facilit\u00f3 la coordinaci\u00f3n de acciones y que siempre se mantuvo al frente del nosocomio.<\/p>\n<p class=\"x_MsoNormal\">Reconoci\u00f3 su amplia trayectoria como m\u00e9dico, as\u00ed como su legado en la medicina y arte dentro de la instituci\u00f3n.<\/p>\n<p class=\"x_MsoNormal\">Por su parte, Jos\u00e9 Valtierra agradeci\u00f3 al gobernador Jos\u00e9 Ignacio Peralta S\u00e1nchez y a la propia titular de Salud, la confianza en su trabajo y agradeci\u00f3 la oportunidad del servicio durante 5 a\u00f1os como director.<\/p>\n<p class=\"x_MsoNormal\">C\u00e9sar Villalobos cuenta con una especialidad en cirug\u00eda, oncopediatr\u00eda y se desempe\u00f1aba como subdirector m\u00e9dico del propio hospital, manifest\u00f3 asumir el reto con entereza y colaborar para la calidad de los servicios hospitalarios.<\/p>\n<p class=\"x_MsoNormal\"><b>\u00a0<\/b><\/p>\n","protected":false},"excerpt":{"rendered":"<p>La secretaria de Salud, Leticia Delgado Carrillo, design\u00f3 encargado de la direcci\u00f3n del Hospital Regional Universitario a C\u00e9sar Javier Villalobos Alfaro, en sucesi\u00f3n de Jos\u00e9 Valtierra \u00c1lvarez, quien por tr\u00e1mites jubilatorios solicit\u00f3 su cambio. La titular de la dependencia estatal destac\u00f3 los buenos oficios del director saliente, quien enfrent\u00f3 con entereza la contingencia sanitaria en&#8230;<\/p>\n","protected":false},"author":2,"featured_media":14751,"comment_status":"open","ping_status":"open","sticky":false,"template":"","format":"standard","meta":{"footnotes":""},"categories":[9],"tags":[29,30,28],"class_list":["post-14750","post","type-post","status-publish","format-standard","has-post-thumbnail","hentry","category-agro-y-salud","tag-grid","tag-news","tag-slider"],"_links":{"self":[{"href":"http:\/\/elobservatorio.com.mx\/index.php?rest_route=\/wp\/v2\/posts\/14750"}],"collection":[{"href":"http:\/\/elobservatorio.com.mx\/index.php?rest_route=\/wp\/v2\/posts"}],"about":[{"href":"http:\/\/elobservatorio.com.mx\/index.php?rest_route=\/wp\/v2\/types\/post"}],"author":[{"embeddable":true,"href":"http:\/\/elobservatorio.com.mx\/index.php?rest_route=\/wp\/v2\/users\/2"}],"replies":[{"embeddable":true,"href":"http:\/\/elobservatorio.com.mx\/index.php?rest_route=%2Fwp%2Fv2%2Fcomments&post=14750"}],"version-history":[{"count":0,"href":"http:\/\/elobservatorio.com.mx\/index.php?rest_route=\/wp\/v2\/posts\/14750\/revisions"}],"wp:featuredmedia":[{"embeddable":true,"href":"http:\/\/elobservatorio.com.mx\/index.php?rest_route=\/wp\/v2\/media\/14751"}],"wp:attachment":[{"href":"http:\/\/elobservatorio.com.mx\/index.php?rest_route=%2Fwp%2Fv2%2Fmedia&parent=14750"}],"wp:term":[{"taxonomy":"category","embeddable":true,"href":"http:\/\/elobservatorio.com.mx\/index.php?rest_route=%2Fwp%2Fv2%2Fcategories&post=14750"},{"taxonomy":"post_tag","embeddable":true,"href":"http:\/\/elobservatorio.com.mx\/index.php?rest_route=%2Fwp%2Fv2%2Ftags&post=14750"}],"curies":[{"name":"wp","href":"https:\/\/api.w.org\/{rel}","templated":true}]}}