{"id":14753,"date":"2021-02-02T21:55:27","date_gmt":"2021-02-03T03:55:27","guid":{"rendered":"http:\/\/elobservatorio.com.mx\/?p=14753"},"modified":"2021-02-02T21:55:27","modified_gmt":"2021-02-03T03:55:27","slug":"inician-operativos-para-informar-sobre-medidas-ante-semaforo-rojo-por-covid","status":"publish","type":"post","link":"http:\/\/elobservatorio.com.mx\/?p=14753","title":{"rendered":"Inician operativos para informar sobre medidas ante sem\u00e1foro rojo por Covid"},"content":{"rendered":"<p class=\"x_MsoNormal\"><em>*Gobierno del Estado busca crear conciencia sobre la importancia de cumplir protocolos sanitarios<\/em><\/p>\n<p class=\"x_MsoNormal\">Personal de la Unidad Estatal de Protecci\u00f3n Civil, inici\u00f3 con los operativos de verificaci\u00f3n en locales comerciales y tianguis de la entidad, invitando a los comerciantes a que tomen las medidas correspondientes al sem\u00e1foro rojo que se activ\u00f3 con motivo de la pandemia de Covid-19.<\/p>\n<p class=\"x_MsoNormal\">Durante la visita a dichos establecimientos, el personal de Protecci\u00f3n Civil deja recomendaciones a los locatarios y los invita a que cumplan las medidas higi\u00e9nico-sanitarias establecidas por la autoridad en la materia.<\/p>\n<p class=\"x_MsoNormal\">Este d\u00eda el recorrido se realiz\u00f3 por negocios de las avenidas Insurgentes y Camino Real, asimismo se visit\u00f3 el tianguis ubicado en la colonia Infonavit, todos ellos en el municipio de Colima.<\/p>\n<p class=\"x_MsoNormal\">En total se inspeccionaron 159 comercios, de los cuales 155 cumplen con las medidas. A los locatarios se les invit\u00f3 a seguir trabajando para cuidar a las familias colimenses y a reforzar la prevenci\u00f3n en establecimientos.<\/p>\n","protected":false},"excerpt":{"rendered":"<p>*Gobierno del Estado busca crear conciencia sobre la importancia de cumplir protocolos sanitarios Personal de la Unidad Estatal de Protecci\u00f3n Civil, inici\u00f3 con los operativos de verificaci\u00f3n en locales comerciales y tianguis de la entidad, invitando a los comerciantes a que tomen las medidas correspondientes al sem\u00e1foro rojo que se activ\u00f3 con motivo de la&#8230;<\/p>\n","protected":false},"author":2,"featured_media":14754,"comment_status":"open","ping_status":"open","sticky":false,"template":"","format":"standard","meta":{"footnotes":""},"categories":[16],"tags":[29,30,28],"class_list":["post-14753","post","type-post","status-publish","format-standard","has-post-thumbnail","hentry","category-gobierno","tag-grid","tag-news","tag-slider"],"_links":{"self":[{"href":"http:\/\/elobservatorio.com.mx\/index.php?rest_route=\/wp\/v2\/posts\/14753"}],"collection":[{"href":"http:\/\/elobservatorio.com.mx\/index.php?rest_route=\/wp\/v2\/posts"}],"about":[{"href":"http:\/\/elobservatorio.com.mx\/index.php?rest_route=\/wp\/v2\/types\/post"}],"author":[{"embeddable":true,"href":"http:\/\/elobservatorio.com.mx\/index.php?rest_route=\/wp\/v2\/users\/2"}],"replies":[{"embeddable":true,"href":"http:\/\/elobservatorio.com.mx\/index.php?rest_route=%2Fwp%2Fv2%2Fcomments&post=14753"}],"version-history":[{"count":0,"href":"http:\/\/elobservatorio.com.mx\/index.php?rest_route=\/wp\/v2\/posts\/14753\/revisions"}],"wp:featuredmedia":[{"embeddable":true,"href":"http:\/\/elobservatorio.com.mx\/index.php?rest_route=\/wp\/v2\/media\/14754"}],"wp:attachment":[{"href":"http:\/\/elobservatorio.com.mx\/index.php?rest_route=%2Fwp%2Fv2%2Fmedia&parent=14753"}],"wp:term":[{"taxonomy":"category","embeddable":true,"href":"http:\/\/elobservatorio.com.mx\/index.php?rest_route=%2Fwp%2Fv2%2Fcategories&post=14753"},{"taxonomy":"post_tag","embeddable":true,"href":"http:\/\/elobservatorio.com.mx\/index.php?rest_route=%2Fwp%2Fv2%2Ftags&post=14753"}],"curies":[{"name":"wp","href":"https:\/\/api.w.org\/{rel}","templated":true}]}}