{"id":14779,"date":"2021-02-03T21:45:23","date_gmt":"2021-02-04T03:45:23","guid":{"rendered":"http:\/\/elobservatorio.com.mx\/?p=14779"},"modified":"2021-02-03T21:45:23","modified_gmt":"2021-02-04T03:45:23","slug":"siguen-los-operativos-en-negocios-para-informar-sobre-semaforo-rojo","status":"publish","type":"post","link":"http:\/\/elobservatorio.com.mx\/?p=14779","title":{"rendered":"Siguen los operativos en negocios para informar sobre sem\u00e1foro rojo"},"content":{"rendered":"<p class=\"x_MsoNormal\"><i>*Personal de PC visit\u00f3 establecimientos en la avenida Gonzalo de Sandoval<\/i><\/p>\n<p class=\"x_MsoNormal\">Al continuar con los operativos para invitar a la poblaci\u00f3n a que respete las medidas anunciadas para evitar el contagio del Covid-19, personal de la Unidad Estatal de Protecci\u00f3n Civil, realiz\u00f3 verificaciones en locales comerciales de la entidad, dejando recomendaciones a los locatarios.<\/p>\n<p class=\"x_MsoNormal\">En esta ocasi\u00f3n visitaron 72 negocios de la avenida Gonzalo de Sandoval, en el municipio de Colima, en donde recordaron a la poblaci\u00f3n que actualmente el sem\u00e1foro epidemiol\u00f3gico en el estado se encuentra en rojo.<\/p>\n<p class=\"x_MsoNormal\">Durante el recorrido tambi\u00e9n se pide a los establecimientos que aparte de adoptar las medidas sanitarias necesarias, respeten los horarios asignados para este caso, evitando as\u00ed sanciones mayores.<\/p>\n","protected":false},"excerpt":{"rendered":"<p>*Personal de PC visit\u00f3 establecimientos en la avenida Gonzalo de Sandoval Al continuar con los operativos para invitar a la poblaci\u00f3n a que respete las medidas anunciadas para evitar el contagio del Covid-19, personal de la Unidad Estatal de Protecci\u00f3n Civil, realiz\u00f3 verificaciones en locales comerciales de la entidad, dejando recomendaciones a los locatarios. En&#8230;<\/p>\n","protected":false},"author":2,"featured_media":14780,"comment_status":"open","ping_status":"open","sticky":false,"template":"","format":"standard","meta":{"footnotes":""},"categories":[16],"tags":[29,30,28],"class_list":["post-14779","post","type-post","status-publish","format-standard","has-post-thumbnail","hentry","category-gobierno","tag-grid","tag-news","tag-slider"],"_links":{"self":[{"href":"http:\/\/elobservatorio.com.mx\/index.php?rest_route=\/wp\/v2\/posts\/14779"}],"collection":[{"href":"http:\/\/elobservatorio.com.mx\/index.php?rest_route=\/wp\/v2\/posts"}],"about":[{"href":"http:\/\/elobservatorio.com.mx\/index.php?rest_route=\/wp\/v2\/types\/post"}],"author":[{"embeddable":true,"href":"http:\/\/elobservatorio.com.mx\/index.php?rest_route=\/wp\/v2\/users\/2"}],"replies":[{"embeddable":true,"href":"http:\/\/elobservatorio.com.mx\/index.php?rest_route=%2Fwp%2Fv2%2Fcomments&post=14779"}],"version-history":[{"count":0,"href":"http:\/\/elobservatorio.com.mx\/index.php?rest_route=\/wp\/v2\/posts\/14779\/revisions"}],"wp:featuredmedia":[{"embeddable":true,"href":"http:\/\/elobservatorio.com.mx\/index.php?rest_route=\/wp\/v2\/media\/14780"}],"wp:attachment":[{"href":"http:\/\/elobservatorio.com.mx\/index.php?rest_route=%2Fwp%2Fv2%2Fmedia&parent=14779"}],"wp:term":[{"taxonomy":"category","embeddable":true,"href":"http:\/\/elobservatorio.com.mx\/index.php?rest_route=%2Fwp%2Fv2%2Fcategories&post=14779"},{"taxonomy":"post_tag","embeddable":true,"href":"http:\/\/elobservatorio.com.mx\/index.php?rest_route=%2Fwp%2Fv2%2Ftags&post=14779"}],"curies":[{"name":"wp","href":"https:\/\/api.w.org\/{rel}","templated":true}]}}