{"id":1482,"date":"2019-01-08T20:12:47","date_gmt":"2019-01-08T20:12:47","guid":{"rendered":"http:\/\/elobservatorio.com.mx\/whatsapp-dejo-de-funcionar-el-1-de-enero-para-estos-telefonos-moviles"},"modified":"2019-01-08T20:13:27","modified_gmt":"2019-01-08T20:13:27","slug":"whatsapp-dejo-de-funcionar-el-1-de-enero-para-estos-telefonos-moviles","status":"publish","type":"post","link":"http:\/\/elobservatorio.com.mx\/?p=1482","title":{"rendered":"WhatsApp dej\u00f3 de funcionar el 1 de enero para estos tel\u00e9fonos m\u00f3viles"},"content":{"rendered":"<p>*EU.- A\u00a0partir del\u00a01 de enero de 2019, los usuarios de ciertos m\u00f3viles y sistemas operativos de a\u00f1os atr\u00e1s se encontrar\u00e1n con problemas que podr\u00edan limitar o incluso imposibilitar el uso de WhatsApp.<\/p>\n<p>Seg\u00fan\u00a0se\u00f1ala\u00a0el servicio de mensajer\u00eda instant\u00e1nea en su\u00a0sitio web, quienes por ejemplo posean un\u00a0Nokia\u00a0con sistema operativo\u00a0S40\u00a0podr\u00e1n utilizar WhatsApp en su aparato solo hasta el 31 de diciembre de este a\u00f1o.<\/p>\n<p>Por otra parte, la compa\u00f1\u00eda\u00a0indica que los dispositivos Android con sistema operativo 2.3.7 o alguna versi\u00f3n m\u00e1s antigua podr\u00e1n hacer uso de WhatsApp hasta el\u00a01 de febrero de 2020, fecha tambi\u00e9n l\u00edmite para los usuarios de iPhone con sistema operativo\u00a0iOS 7 o anterior.<\/p>\n<p>El servicio de mensajer\u00eda advierte que no se podr\u00e1n crear cuentas nuevas ni verificar las existentes en esas plataformas, en las que tambi\u00e9n podr\u00edan\u00a0\u00abdejar de funcionar en cualquier momento\u00bbalgunas de\u00a0las funciones de WhatsApp.<\/p>\n<p>En contrapartida, los usuarios que\u00a0posean aparatos Android con sistema operativo 4.0, iPhone con iOS 8 o Windows Phone con sistema operativo 8.1\u00a0\u2014o versiones m\u00e1s modernas de estos sistemas\u2014 pueden estar confiados en que WhatsApp por el momento continuar\u00e1\u00a0funcionando al 100 %.<\/p>\n<p>Con informaci\u00f3n de <em>Enfoque Noticias.com.mx<\/em><\/p>\n<p>&nbsp;<\/p>\n","protected":false},"excerpt":{"rendered":"<p>*EU.- A\u00a0partir del\u00a01 de enero de 2019, los usuarios de ciertos m\u00f3viles y sistemas operativos de a\u00f1os atr\u00e1s se encontrar\u00e1n con problemas que podr\u00edan limitar o incluso imposibilitar el uso de WhatsApp. Seg\u00fan\u00a0se\u00f1ala\u00a0el servicio de mensajer\u00eda instant\u00e1nea en su\u00a0sitio web, quienes por ejemplo posean un\u00a0Nokia\u00a0con sistema operativo\u00a0S40\u00a0podr\u00e1n utilizar WhatsApp en su aparato solo hasta el&#8230;<\/p>\n","protected":false},"author":2,"featured_media":1483,"comment_status":"open","ping_status":"open","sticky":false,"template":"","format":"standard","meta":{"footnotes":""},"categories":[31],"tags":[29,30,28],"class_list":["post-1482","post","type-post","status-publish","format-standard","has-post-thumbnail","hentry","category-ciencia-y-tecnologia","tag-grid","tag-news","tag-slider"],"_links":{"self":[{"href":"http:\/\/elobservatorio.com.mx\/index.php?rest_route=\/wp\/v2\/posts\/1482"}],"collection":[{"href":"http:\/\/elobservatorio.com.mx\/index.php?rest_route=\/wp\/v2\/posts"}],"about":[{"href":"http:\/\/elobservatorio.com.mx\/index.php?rest_route=\/wp\/v2\/types\/post"}],"author":[{"embeddable":true,"href":"http:\/\/elobservatorio.com.mx\/index.php?rest_route=\/wp\/v2\/users\/2"}],"replies":[{"embeddable":true,"href":"http:\/\/elobservatorio.com.mx\/index.php?rest_route=%2Fwp%2Fv2%2Fcomments&post=1482"}],"version-history":[{"count":0,"href":"http:\/\/elobservatorio.com.mx\/index.php?rest_route=\/wp\/v2\/posts\/1482\/revisions"}],"wp:featuredmedia":[{"embeddable":true,"href":"http:\/\/elobservatorio.com.mx\/index.php?rest_route=\/wp\/v2\/media\/1483"}],"wp:attachment":[{"href":"http:\/\/elobservatorio.com.mx\/index.php?rest_route=%2Fwp%2Fv2%2Fmedia&parent=1482"}],"wp:term":[{"taxonomy":"category","embeddable":true,"href":"http:\/\/elobservatorio.com.mx\/index.php?rest_route=%2Fwp%2Fv2%2Fcategories&post=1482"},{"taxonomy":"post_tag","embeddable":true,"href":"http:\/\/elobservatorio.com.mx\/index.php?rest_route=%2Fwp%2Fv2%2Ftags&post=1482"}],"curies":[{"name":"wp","href":"https:\/\/api.w.org\/{rel}","templated":true}]}}