{"id":1486,"date":"2019-01-08T22:10:56","date_gmt":"2019-01-08T22:10:56","guid":{"rendered":"http:\/\/elobservatorio.com.mx\/el-inifap-fundamental-para-el-desarrollo-municipal-por-el-profesionalismo-de-quienes-lo-integran"},"modified":"2019-01-08T22:10:56","modified_gmt":"2019-01-08T22:10:56","slug":"el-inifap-fundamental-para-el-desarrollo-municipal-por-el-profesionalismo-de-quienes-lo-integran","status":"publish","type":"post","link":"http:\/\/elobservatorio.com.mx\/?p=1486","title":{"rendered":"El INIFAP, fundamental para el desarrollo municipal por el profesionalismo de quienes lo integran"},"content":{"rendered":"<p>El Presidente Municipal de Tecom\u00e1n El\u00edas Antonio Lozano Ochoa, se reuni\u00f3 la ma\u00f1ana de este martes con el Director de Promoci\u00f3n y Vinculaci\u00f3n del Instituto Nacional de Investigaciones Forestales, Agr\u00edcolas y Pecuarias (INIFAP) en el estado y Jefe del campo experimental de Tecom\u00e1n, Isaac Vizca\u00edno Vargas y con el sub director de Desarrollo Rural Rub\u00e9n L\u00f3pez Vizca\u00edno.<\/p>\n<p>La intenci\u00f3n de Vizca\u00edno Vargas fue la de saludar al alcalde y ponerse a su disposici\u00f3n para coordinar acciones y generar actividades conjuntas a favor del campo tecomense \u201csiempre hemos formado equipo con la Presidencia Municipal, con el Gobierno del Estado y representamos al Gobierno de la Rep\u00fablica en el \u00e1rea que nosotros trabajamos\u201d.<\/p>\n<p>Asimismo lo invit\u00f3 a acudir al campo experimental a reunirse con los 18 investigadores de los cuales 4 est\u00e1n haciendo un doctorado y 3 est\u00e1n comisionados en un sitio experimental en La Huerta, Jalisco \u201cla idea es que ellos mismos le platiquen del trabajo que realizamos a detalle; hemos hecho algunos esfuerzos incipientes porque en los proyectos presupuestamos lo sustantivo para generar la tecnolog\u00eda o resolver algo y algunas pl\u00e1ticas con los productores.<\/p>\n<p>Durante muchos a\u00f1os se perdi\u00f3 esa parte de extensionismo, el v\u00ednculo directo de nosotros con los productores, pero parece que se est\u00e1 retomando\u201d.<\/p>\n<p>Lozano Ochoa dijo que el INIFAP ha sido una pieza fundamental de desarrollo para Tecom\u00e1n con personas profesionales, entregadas, comprometidas y muchas veces poco valoradas \u201cnecesitamos darle m\u00e1s difusi\u00f3n a los trabajos, a las investigaciones y a todo el esfuerzo que ustedes realizan, que se ve reflejado en el campo, pero que a veces no se sabe el trabajo que hay antes de llegar a los resultados\u201d.<\/p>\n<p>Abund\u00f3 el alcalde que su gobierno est\u00e1 empe\u00f1ado en fortalecer el v\u00ednculo de la investigaci\u00f3n con los agricultores \u201cporque Tecom\u00e1n no deja de ser un municipio agr\u00edcola y necesitamos buscar las alternativas para llegar a los niveles en que Tecom\u00e1n siempre estuvo y vincularlo con las necesidades que tiene la poblaci\u00f3n, de mejores niveles de vida, generaci\u00f3n de mejores empleos, etc\u201d.<\/p>\n<p>El Presidente Municipal dijo tambi\u00e9n que con el apoyo del INIFAP se pueden hacer simposios de los principales cultivos, \u201ccon expositores o agricultores de Brasil o de otros lados y que se puedan hacer grandes cosas; que los productores tengan claro cu\u00e1l es el rumbo que se est\u00e1 tomando en cuanto a producci\u00f3n, comercializaci\u00f3n, proyecci\u00f3n, etc\u201d.<\/p>\n<p>Finalmente el sub director de Desarrollo Rural Rub\u00e9n L\u00f3pez Vizca\u00edno se\u00f1al\u00f3 que el INIFAP estar\u00e1 participando en la Feria del Lim\u00f3n 2019 con un stand en donde se van a destacar, entre otras cosas, la nueva variedad del \u00e1rbol de lim\u00f3n LICE que es sin espinas \u201c<\/p>\n","protected":false},"excerpt":{"rendered":"<p>El Presidente Municipal de Tecom\u00e1n El\u00edas Antonio Lozano Ochoa, se reuni\u00f3 la ma\u00f1ana de este martes con el Director de Promoci\u00f3n y Vinculaci\u00f3n del Instituto Nacional de Investigaciones Forestales, Agr\u00edcolas y Pecuarias (INIFAP) en el estado y Jefe del campo experimental de Tecom\u00e1n, Isaac Vizca\u00edno Vargas y con el sub director de Desarrollo Rural Rub\u00e9n&#8230;<\/p>\n","protected":false},"author":2,"featured_media":1487,"comment_status":"open","ping_status":"open","sticky":false,"template":"","format":"standard","meta":{"footnotes":""},"categories":[8,34],"tags":[29,30,28],"class_list":["post-1486","post","type-post","status-publish","format-standard","has-post-thumbnail","hentry","category-municipios","category-tecoman","tag-grid","tag-news","tag-slider"],"_links":{"self":[{"href":"http:\/\/elobservatorio.com.mx\/index.php?rest_route=\/wp\/v2\/posts\/1486"}],"collection":[{"href":"http:\/\/elobservatorio.com.mx\/index.php?rest_route=\/wp\/v2\/posts"}],"about":[{"href":"http:\/\/elobservatorio.com.mx\/index.php?rest_route=\/wp\/v2\/types\/post"}],"author":[{"embeddable":true,"href":"http:\/\/elobservatorio.com.mx\/index.php?rest_route=\/wp\/v2\/users\/2"}],"replies":[{"embeddable":true,"href":"http:\/\/elobservatorio.com.mx\/index.php?rest_route=%2Fwp%2Fv2%2Fcomments&post=1486"}],"version-history":[{"count":0,"href":"http:\/\/elobservatorio.com.mx\/index.php?rest_route=\/wp\/v2\/posts\/1486\/revisions"}],"wp:featuredmedia":[{"embeddable":true,"href":"http:\/\/elobservatorio.com.mx\/index.php?rest_route=\/wp\/v2\/media\/1487"}],"wp:attachment":[{"href":"http:\/\/elobservatorio.com.mx\/index.php?rest_route=%2Fwp%2Fv2%2Fmedia&parent=1486"}],"wp:term":[{"taxonomy":"category","embeddable":true,"href":"http:\/\/elobservatorio.com.mx\/index.php?rest_route=%2Fwp%2Fv2%2Fcategories&post=1486"},{"taxonomy":"post_tag","embeddable":true,"href":"http:\/\/elobservatorio.com.mx\/index.php?rest_route=%2Fwp%2Fv2%2Ftags&post=1486"}],"curies":[{"name":"wp","href":"https:\/\/api.w.org\/{rel}","templated":true}]}}