{"id":14880,"date":"2021-02-08T20:19:39","date_gmt":"2021-02-09T02:19:39","guid":{"rendered":"http:\/\/elobservatorio.com.mx\/?p=14880"},"modified":"2021-02-08T20:19:39","modified_gmt":"2021-02-09T02:19:39","slug":"refuerza-rafael-mendoza-combate-del-covid-19-en-todo-el-municipio","status":"publish","type":"post","link":"http:\/\/elobservatorio.com.mx\/?p=14880","title":{"rendered":"Refuerza Rafael Mendoza combate del Covid-19 en todo el municipio"},"content":{"rendered":"<p><em>*A las acciones ya en operaci\u00f3n, se suma la sanitizaci\u00f3n, con moderna aplicaci\u00f3n.<\/em><\/p>\n<p>A las diversas acciones que su administraci\u00f3n ha implementado para contener y evitar contagios del COVID-19 en el municipio; por disposici\u00f3n del presidente municipal Rafael Mendoza, este d\u00eda dio comienzo la sanitizaci\u00f3n en todo el municipio, llevada a cabo mediante equipo especial bajo la supervisi\u00f3n de personal capacitado en este sistema.<\/p>\n<p>A las acciones que su gobierno despleg\u00f3 desde el primer momento de la pandemia, y del reforzamiento implementado en el municipio luego de la declaraci\u00f3n de sem\u00e1foro rojo; el presidente municipal, Rafael Mendoza, dispuso la contrataci\u00f3n de un veh\u00edculo especial para llevar a cabo la sanitizaci\u00f3n para prevenir y evitar la propagaci\u00f3n del COVID 19 en el municipio.<\/p>\n<p>De esa manera, se refuerza todo el operativo de prevenci\u00f3n y contenci\u00f3n de la pandemia en el municipio, sumando la sanitizaci\u00f3n a las disposiciones del uso de cubrebocas, lavado de manos frecuente, respetar la sana distancia y, de preferencia, mantenerse resguardados en casa.<\/p>\n<p>El operativo de sanitizaci\u00f3n se aplica usando tecnolog\u00eda de primer nivel, a trav\u00e9s de un veh\u00edculo tipo Fot\u00f3n, que circular\u00e1 por todas las calles de las poblaciones y comunidades, dispersando en un amplio espacio\u00a0 el l\u00edquido sanitizante no t\u00f3xico, anticip\u00e1ndose la difusi\u00f3n necesaria para que las familias permanezcan en sus hogares y abran puertas y ventanas para mayor efectividad de esta acci\u00f3n.<\/p>\n<p>Para que exista toda la coordinaci\u00f3n necesaria y se aproveche al m\u00e1ximo esta novedosa acci\u00f3n que refuerza todo el operativo contra el Covid 19, el presidente municipal, Rafael Mendoza, gir\u00f3 las debidas instrucciones precisas a cada uno de los titulares de las dependencias relacionadas con la participaci\u00f3n ciudadana, la salud, la ecolog\u00eda y tambi\u00e9n con las autoridades municipales auxiliares; para que apoyen en todo lo concerniente de sus funciones y responsabilidades esta acci\u00f3n de sanitizaci\u00f3n.<\/p>\n<p>&nbsp;<\/p>\n","protected":false},"excerpt":{"rendered":"<p>*A las acciones ya en operaci\u00f3n, se suma la sanitizaci\u00f3n, con moderna aplicaci\u00f3n. A las diversas acciones que su administraci\u00f3n ha implementado para contener y evitar contagios del COVID-19 en el municipio; por disposici\u00f3n del presidente municipal Rafael Mendoza, este d\u00eda dio comienzo la sanitizaci\u00f3n en todo el municipio, llevada a cabo mediante equipo especial&#8230;<\/p>\n","protected":false},"author":2,"featured_media":14881,"comment_status":"open","ping_status":"open","sticky":false,"template":"","format":"standard","meta":{"footnotes":""},"categories":[40,8],"tags":[29,30,28],"class_list":["post-14880","post","type-post","status-publish","format-standard","has-post-thumbnail","hentry","category-cuauhtemoc","category-municipios","tag-grid","tag-news","tag-slider"],"_links":{"self":[{"href":"http:\/\/elobservatorio.com.mx\/index.php?rest_route=\/wp\/v2\/posts\/14880"}],"collection":[{"href":"http:\/\/elobservatorio.com.mx\/index.php?rest_route=\/wp\/v2\/posts"}],"about":[{"href":"http:\/\/elobservatorio.com.mx\/index.php?rest_route=\/wp\/v2\/types\/post"}],"author":[{"embeddable":true,"href":"http:\/\/elobservatorio.com.mx\/index.php?rest_route=\/wp\/v2\/users\/2"}],"replies":[{"embeddable":true,"href":"http:\/\/elobservatorio.com.mx\/index.php?rest_route=%2Fwp%2Fv2%2Fcomments&post=14880"}],"version-history":[{"count":0,"href":"http:\/\/elobservatorio.com.mx\/index.php?rest_route=\/wp\/v2\/posts\/14880\/revisions"}],"wp:featuredmedia":[{"embeddable":true,"href":"http:\/\/elobservatorio.com.mx\/index.php?rest_route=\/wp\/v2\/media\/14881"}],"wp:attachment":[{"href":"http:\/\/elobservatorio.com.mx\/index.php?rest_route=%2Fwp%2Fv2%2Fmedia&parent=14880"}],"wp:term":[{"taxonomy":"category","embeddable":true,"href":"http:\/\/elobservatorio.com.mx\/index.php?rest_route=%2Fwp%2Fv2%2Fcategories&post=14880"},{"taxonomy":"post_tag","embeddable":true,"href":"http:\/\/elobservatorio.com.mx\/index.php?rest_route=%2Fwp%2Fv2%2Ftags&post=14880"}],"curies":[{"name":"wp","href":"https:\/\/api.w.org\/{rel}","templated":true}]}}