{"id":1489,"date":"2019-01-09T01:14:48","date_gmt":"2019-01-09T01:14:48","guid":{"rendered":"http:\/\/elobservatorio.com.mx\/declina-ganador-de-cartel-de-festejos-de-vdea-eligen-nuevo-cartel"},"modified":"2019-01-09T01:14:48","modified_gmt":"2019-01-09T01:14:48","slug":"declina-ganador-de-cartel-de-festejos-de-vdea-eligen-nuevo-cartel","status":"publish","type":"post","link":"http:\/\/elobservatorio.com.mx\/?p=1489","title":{"rendered":"Declina ganador de cartel de Festejos de VdeA ; eligen nuevo cartel"},"content":{"rendered":"<div dir=\"ltr\"><em>*Patronato apela a la cl\u00e1usula 18 de la Convocatoria expedida con tal objetivo<\/em><\/div>\n<div dir=\"ltr\"><\/div>\n<div dir=\"ltr\">Pedro Dur\u00e1n V\u00e1zquez, ganador del cartel de Festejos Charrotaurinos Villa de \u00c1lvarez 2019, inform\u00f3 esta ma\u00f1ana al Patronato su decisi\u00f3n de declinar a su premio y participaci\u00f3n en el concurso con este prop\u00f3sito, por lo que los integrantes del Patronato de Festejos Charrotaurinos convocaron a una Sesi\u00f3n Extraordinaria y, como punto \u00fanico, sometieron a consideraci\u00f3n y votaci\u00f3n el cartel de los festejos, de los otros seis participantes, resultando ganador el de la autor\u00eda de Omar Jamil Delgado Carrillo.<\/div>\n<div dir=\"ltr\"><\/div>\n<div dir=\"ltr\">El Patronato tom\u00f3 esta decisi\u00f3n con base en la Cl\u00e1usula 18 de la Convocatoria expedida en tiempo y forma, la cual especifica que<\/div>\n<div dir=\"ltr\">\u201c\u2026Los casos no previstos en la presente convocatoria ser\u00e1n resueltos por las instituciones convocantes\u201d.<\/div>\n<div dir=\"ltr\"><\/div>\n<div dir=\"ltr\">Como se recordar\u00e1, en rueda de prensa de este lunes reciente, presidida por el alcalde Felipe Cruz Calvario, y los integrantes del Patronato de Festejos Charrotaurinos, presidido por Jorge Fern\u00e1ndez Cerda, presentaron a las siete aspirantes a reina de los Festejos Charrotaurinos 2019, en su edici\u00f3n 162, as\u00ed como el cartel ganador, de acuerdo con la Cuarta Sesi\u00f3n Ordinaria del Patronato, en la que qued\u00f3 consignado como primer lugar el cartel de Pedro Dur\u00e1n V\u00e1zquez.<\/div>\n<div dir=\"ltr\"><\/div>\n<div dir=\"ltr\">A temprana hora de este martes, al solicitar al ganador el archivo digital editable, como lo marca la cl\u00e1usula 17 de la Convocatoria,<\/div>\n<div dir=\"ltr\"><\/div>\n<div dir=\"ltr\">Dur\u00e1n V\u00e1zquez inform\u00f3 que hab\u00eda decidido declinar, por lo que el Patronato convoc\u00f3 a su Primera Sesi\u00f3n Extraordinaria y, aplicando la Cl\u00e1usula 18 de la Convocatoria, de los seis restantes eligi\u00f3 el cartel de Omar Jamil Delgado Carrillo, con base en los siguientes elementos: eficacia del dise\u00f1o, concepto, originalidad, impacto visual y calidad de producci\u00f3n.<\/div>\n","protected":false},"excerpt":{"rendered":"<p>*Patronato apela a la cl\u00e1usula 18 de la Convocatoria expedida con tal objetivo Pedro Dur\u00e1n V\u00e1zquez, ganador del cartel de Festejos Charrotaurinos Villa de \u00c1lvarez 2019, inform\u00f3 esta ma\u00f1ana al Patronato su decisi\u00f3n de declinar a su premio y participaci\u00f3n en el concurso con este prop\u00f3sito, por lo que los integrantes del Patronato de Festejos&#8230;<\/p>\n","protected":false},"author":2,"featured_media":1490,"comment_status":"open","ping_status":"open","sticky":false,"template":"","format":"standard","meta":{"footnotes":""},"categories":[8,42],"tags":[29,30,28],"class_list":["post-1489","post","type-post","status-publish","format-standard","has-post-thumbnail","hentry","category-municipios","category-villa-de-alvarez","tag-grid","tag-news","tag-slider"],"_links":{"self":[{"href":"http:\/\/elobservatorio.com.mx\/index.php?rest_route=\/wp\/v2\/posts\/1489"}],"collection":[{"href":"http:\/\/elobservatorio.com.mx\/index.php?rest_route=\/wp\/v2\/posts"}],"about":[{"href":"http:\/\/elobservatorio.com.mx\/index.php?rest_route=\/wp\/v2\/types\/post"}],"author":[{"embeddable":true,"href":"http:\/\/elobservatorio.com.mx\/index.php?rest_route=\/wp\/v2\/users\/2"}],"replies":[{"embeddable":true,"href":"http:\/\/elobservatorio.com.mx\/index.php?rest_route=%2Fwp%2Fv2%2Fcomments&post=1489"}],"version-history":[{"count":0,"href":"http:\/\/elobservatorio.com.mx\/index.php?rest_route=\/wp\/v2\/posts\/1489\/revisions"}],"wp:featuredmedia":[{"embeddable":true,"href":"http:\/\/elobservatorio.com.mx\/index.php?rest_route=\/wp\/v2\/media\/1490"}],"wp:attachment":[{"href":"http:\/\/elobservatorio.com.mx\/index.php?rest_route=%2Fwp%2Fv2%2Fmedia&parent=1489"}],"wp:term":[{"taxonomy":"category","embeddable":true,"href":"http:\/\/elobservatorio.com.mx\/index.php?rest_route=%2Fwp%2Fv2%2Fcategories&post=1489"},{"taxonomy":"post_tag","embeddable":true,"href":"http:\/\/elobservatorio.com.mx\/index.php?rest_route=%2Fwp%2Fv2%2Ftags&post=1489"}],"curies":[{"name":"wp","href":"https:\/\/api.w.org\/{rel}","templated":true}]}}