{"id":1492,"date":"2019-01-09T02:10:46","date_gmt":"2019-01-09T02:10:46","guid":{"rendered":"http:\/\/elobservatorio.com.mx\/exitoso-show-de-guadalajara-llega-al-palenque-de-la-feria-del-limon-tecoman-2019"},"modified":"2019-01-09T02:10:46","modified_gmt":"2019-01-09T02:10:46","slug":"exitoso-show-de-guadalajara-llega-al-palenque-de-la-feria-del-limon-tecoman-2019","status":"publish","type":"post","link":"http:\/\/elobservatorio.com.mx\/?p=1492","title":{"rendered":"Exitoso Show de Guadalajara llega al Palenque de la Feria del Lim\u00f3n, Tecom\u00e1n 2019"},"content":{"rendered":"<p><em>*Se presentan; el comediante V\u00edctor Padilla \u00abEl Chistero\u00bb y Kino D\u00edaz \u00abel gigante de la imitaci\u00f3n\u00bb +Boletos a 50 y 100 pesos en zona VIP<\/em><\/p>\n<p>Llega al Palenque de la Feria del Lim\u00f3n, Tecom\u00e1n 2019 un espect\u00e1culo que promete arrancar las carcajadas y aplausos del p\u00fablico.<\/p>\n<p>El s\u00e1bado 26 de enero, directos de Guadalajara podr\u00e1s disfrutar de V\u00edctor Padilla \u00abEl Chistero\u00bb y Kino D\u00edaz \u00abEl Gigante de la Imitaci\u00f3n\u00bb.<\/p>\n<p>Ser\u00e1 un show basado en la comedia y los chistes, alternado por imitaciones de grandes artistas que se han convertido en s\u00edmbolo de nuestro pa\u00eds.<\/p>\n<p>La cita es a las 8 de la noche del s\u00e1bado 26 de enero en el Palenque de la Feria de Tecom\u00e1n.<\/p>\n<p>Los boletos, para disfrutar de este espect\u00e1culo que ha sido un \u00e9xito en Guadalajara, tienen un costo de 50 pesos en zona general y de 100 pesos en el \u00e1rea VIP.<\/p>\n<p>Puedes adquirirlos en Zapater\u00eda Patria, Hamburguesas Luis, Mariscos Homero y en la Casa de la Cultura de Tecom\u00e1n, \u00a1no te lo puedes perder!<\/p>\n","protected":false},"excerpt":{"rendered":"<p>*Se presentan; el comediante V\u00edctor Padilla \u00abEl Chistero\u00bb y Kino D\u00edaz \u00abel gigante de la imitaci\u00f3n\u00bb +Boletos a 50 y 100 pesos en zona VIP Llega al Palenque de la Feria del Lim\u00f3n, Tecom\u00e1n 2019 un espect\u00e1culo que promete arrancar las carcajadas y aplausos del p\u00fablico. El s\u00e1bado 26 de enero, directos de Guadalajara podr\u00e1s&#8230;<\/p>\n","protected":false},"author":2,"featured_media":1493,"comment_status":"open","ping_status":"open","sticky":false,"template":"","format":"standard","meta":{"footnotes":""},"categories":[32,8,34],"tags":[29,30,28],"class_list":["post-1492","post","type-post","status-publish","format-standard","has-post-thumbnail","hentry","category-escenario","category-municipios","category-tecoman","tag-grid","tag-news","tag-slider"],"_links":{"self":[{"href":"http:\/\/elobservatorio.com.mx\/index.php?rest_route=\/wp\/v2\/posts\/1492"}],"collection":[{"href":"http:\/\/elobservatorio.com.mx\/index.php?rest_route=\/wp\/v2\/posts"}],"about":[{"href":"http:\/\/elobservatorio.com.mx\/index.php?rest_route=\/wp\/v2\/types\/post"}],"author":[{"embeddable":true,"href":"http:\/\/elobservatorio.com.mx\/index.php?rest_route=\/wp\/v2\/users\/2"}],"replies":[{"embeddable":true,"href":"http:\/\/elobservatorio.com.mx\/index.php?rest_route=%2Fwp%2Fv2%2Fcomments&post=1492"}],"version-history":[{"count":0,"href":"http:\/\/elobservatorio.com.mx\/index.php?rest_route=\/wp\/v2\/posts\/1492\/revisions"}],"wp:featuredmedia":[{"embeddable":true,"href":"http:\/\/elobservatorio.com.mx\/index.php?rest_route=\/wp\/v2\/media\/1493"}],"wp:attachment":[{"href":"http:\/\/elobservatorio.com.mx\/index.php?rest_route=%2Fwp%2Fv2%2Fmedia&parent=1492"}],"wp:term":[{"taxonomy":"category","embeddable":true,"href":"http:\/\/elobservatorio.com.mx\/index.php?rest_route=%2Fwp%2Fv2%2Fcategories&post=1492"},{"taxonomy":"post_tag","embeddable":true,"href":"http:\/\/elobservatorio.com.mx\/index.php?rest_route=%2Fwp%2Fv2%2Ftags&post=1492"}],"curies":[{"name":"wp","href":"https:\/\/api.w.org\/{rel}","templated":true}]}}