{"id":15079,"date":"2021-02-19T16:56:24","date_gmt":"2021-02-19T22:56:24","guid":{"rendered":"http:\/\/elobservatorio.com.mx\/?p=15079"},"modified":"2021-02-19T16:59:45","modified_gmt":"2021-02-19T22:59:45","slug":"con-recursos-propios-rafael-mendoza-continua-con-la-entrega-de-apoyos-a-personas-de-la-tercerad-edad","status":"publish","type":"post","link":"http:\/\/elobservatorio.com.mx\/?p=15079","title":{"rendered":"Con recursos propios, Rafael Mendoza contin\u00faa con la entrega de apoyos a personas de la tercera edad"},"content":{"rendered":"<p>Con recursos propios ahorrados mediante el buen manejo administrativo y financiero, el presidente municipal de Cuauht\u00e9moc, Rafael Mendoza, contin\u00faa la entrega de apoyos econ\u00f3micos a personas en situaci\u00f3n vulnerable y de la tercera edad, para que los utilicen en sus necesidades m\u00e1s importantes como la compra de alimentos, medicamentos, o estudios cl\u00ednicos.<\/p>\n<p>La entrega de los apoyos econ\u00f3micos a personas de la tercera edad, se llev\u00f3 acabo este viernes en el Sal\u00f3n de Cabildo de la Presidencia municipal de Cuauht\u00e9moc, evento que se llev\u00f3 acabo siguiendo todos los protocolos sanitarios que establecen las autoridades sanitarias para prevenir el COVID-19.<\/p>\n<p>Acompa\u00f1ado de funcionarias y funcionarios, el presidente municipal encabez\u00f3 la entrega de este importante apoyo a las personas de la tercera edad; y la entrega de los cheques se llev\u00f3 acabo en dos eventos, para evitar la concentraci\u00f3n de personas, siendo el primero en el despacho del alcalde Rafael Mendoza.<\/p>\n<p>En\u00a0 breve mensaje, el presidente municipal habl\u00f3 de la situaci\u00f3n que se enfrenta con la pandemia, aprovechando la ocasi\u00f3n para exhortar a los asistentes y al pueblo en general de Cuauht\u00e9moc, a no bajar la guardia en ning\u00fan momento respecto de seguir todas las disposiciones sanitarias establecidas en el sem\u00e1foro naranja, enfatizando que el cuidado de la salud es una responsabilidad p\u00fablica pero tambi\u00e9n individual y familiar; \u201c en la medida de que todos nos cuidemos, m\u00e1s pronto saldremos de esta\u00a0 contingencia\u201d, apunt\u00f3 .<\/p>\n","protected":false},"excerpt":{"rendered":"<p>Con recursos propios ahorrados mediante el buen manejo administrativo y financiero, el presidente municipal de Cuauht\u00e9moc, Rafael Mendoza, contin\u00faa la entrega de apoyos econ\u00f3micos a personas en situaci\u00f3n vulnerable y de la tercera edad, para que los utilicen en sus necesidades m\u00e1s importantes como la compra de alimentos, medicamentos, o estudios cl\u00ednicos. La entrega de&#8230;<\/p>\n","protected":false},"author":2,"featured_media":15080,"comment_status":"open","ping_status":"open","sticky":false,"template":"","format":"standard","meta":{"footnotes":""},"categories":[40,8],"tags":[29,30,28],"class_list":["post-15079","post","type-post","status-publish","format-standard","has-post-thumbnail","hentry","category-cuauhtemoc","category-municipios","tag-grid","tag-news","tag-slider"],"_links":{"self":[{"href":"http:\/\/elobservatorio.com.mx\/index.php?rest_route=\/wp\/v2\/posts\/15079"}],"collection":[{"href":"http:\/\/elobservatorio.com.mx\/index.php?rest_route=\/wp\/v2\/posts"}],"about":[{"href":"http:\/\/elobservatorio.com.mx\/index.php?rest_route=\/wp\/v2\/types\/post"}],"author":[{"embeddable":true,"href":"http:\/\/elobservatorio.com.mx\/index.php?rest_route=\/wp\/v2\/users\/2"}],"replies":[{"embeddable":true,"href":"http:\/\/elobservatorio.com.mx\/index.php?rest_route=%2Fwp%2Fv2%2Fcomments&post=15079"}],"version-history":[{"count":0,"href":"http:\/\/elobservatorio.com.mx\/index.php?rest_route=\/wp\/v2\/posts\/15079\/revisions"}],"wp:featuredmedia":[{"embeddable":true,"href":"http:\/\/elobservatorio.com.mx\/index.php?rest_route=\/wp\/v2\/media\/15080"}],"wp:attachment":[{"href":"http:\/\/elobservatorio.com.mx\/index.php?rest_route=%2Fwp%2Fv2%2Fmedia&parent=15079"}],"wp:term":[{"taxonomy":"category","embeddable":true,"href":"http:\/\/elobservatorio.com.mx\/index.php?rest_route=%2Fwp%2Fv2%2Fcategories&post=15079"},{"taxonomy":"post_tag","embeddable":true,"href":"http:\/\/elobservatorio.com.mx\/index.php?rest_route=%2Fwp%2Fv2%2Ftags&post=15079"}],"curies":[{"name":"wp","href":"https:\/\/api.w.org\/{rel}","templated":true}]}}