{"id":15202,"date":"2021-02-25T15:05:07","date_gmt":"2021-02-25T21:05:07","guid":{"rendered":"http:\/\/elobservatorio.com.mx\/?p=15202"},"modified":"2021-02-25T15:05:07","modified_gmt":"2021-02-25T21:05:07","slug":"a-traves-de-sipinna-recomienda-gobierno-municipal-mantener-contacto-con-adolescentes-para-evitar-sean-victimas-de-violencia","status":"publish","type":"post","link":"http:\/\/elobservatorio.com.mx\/?p=15202","title":{"rendered":"A trav\u00e9s de SIPINNA recomienda gobierno municipal mantener contacto con adolescentes para evitar sean v\u00edctimas de violencia"},"content":{"rendered":"<p>En el marco del D\u00eda Naranja que se conmemora los d\u00edas 25 de cada mes en la Lucha de la Erradicaci\u00f3n de la Violencia contra las Mujeres; el H. Ayuntamiento de Tecom\u00e1n, a trav\u00e9s de la Secretaria Ejecutiva del Sistema de Protecci\u00f3n Integral de Ni\u00f1os, Ni\u00f1as y Adolescentes (SIPINNA), dio a conocer que se trata de hacer conciencia para erradicar la violencia en estos grupos que son vulnerados.<\/p>\n<p>En este sentido, a trav\u00e9s de SIPINNA Tecom\u00e1n, el gobierno municipal busca hacer conciencia en la prevenci\u00f3n de la violencia en el noviazgo adolescente, que es una problem\u00e1tica que se tiene latente cuando se empiezan a dar estas relaciones interpersonales entre adolescentes de diferentes rangos de edades.<\/p>\n<p>Recordar, que la violencia es todo acto de omisi\u00f3n, actitud o expresi\u00f3n que genere da\u00f1o a la persona, y en ese sentido, se puede se\u00f1alar que en M\u00e9xico 09 de cada 10 adolescentes ha sufrido alg\u00fan tipo de violencia y una de las formas en que se puede prevenir esta violencia que se da en espiral como es la violencia f\u00edsica, sexual y psicol\u00f3gica que es la m\u00e1s lamentable porque no deja marcas visibles, pero si traumas para toda la vida.<\/p>\n<p>Una persona que sufre de violencia se puede detectar por baja autoestima, problemas para concentrase en la escuela, aislamiento social, depresi\u00f3n, cambios en la forma de vestir, actuar y hablar, se pueden encontrar cambios en su conducta de h\u00e1bitos alimentarios y en ocasiones el da\u00f1o a la v\u00edctima puede afectar a largo plazo generando que los lleve a ser susceptibles de violencia en la etapa adulta.<\/p>\n<p>Se recomienda mantener un di\u00e1logo permanente con los adolescentes para que ni sean v\u00edctimas ni generadores de violencia.<\/p>\n","protected":false},"excerpt":{"rendered":"<p>En el marco del D\u00eda Naranja que se conmemora los d\u00edas 25 de cada mes en la Lucha de la Erradicaci\u00f3n de la Violencia contra las Mujeres; el H. Ayuntamiento de Tecom\u00e1n, a trav\u00e9s de la Secretaria Ejecutiva del Sistema de Protecci\u00f3n Integral de Ni\u00f1os, Ni\u00f1as y Adolescentes (SIPINNA), dio a conocer que se trata&#8230;<\/p>\n","protected":false},"author":2,"featured_media":15203,"comment_status":"open","ping_status":"open","sticky":false,"template":"","format":"standard","meta":{"footnotes":""},"categories":[8,34],"tags":[29,30,28],"class_list":["post-15202","post","type-post","status-publish","format-standard","has-post-thumbnail","hentry","category-municipios","category-tecoman","tag-grid","tag-news","tag-slider"],"_links":{"self":[{"href":"http:\/\/elobservatorio.com.mx\/index.php?rest_route=\/wp\/v2\/posts\/15202"}],"collection":[{"href":"http:\/\/elobservatorio.com.mx\/index.php?rest_route=\/wp\/v2\/posts"}],"about":[{"href":"http:\/\/elobservatorio.com.mx\/index.php?rest_route=\/wp\/v2\/types\/post"}],"author":[{"embeddable":true,"href":"http:\/\/elobservatorio.com.mx\/index.php?rest_route=\/wp\/v2\/users\/2"}],"replies":[{"embeddable":true,"href":"http:\/\/elobservatorio.com.mx\/index.php?rest_route=%2Fwp%2Fv2%2Fcomments&post=15202"}],"version-history":[{"count":0,"href":"http:\/\/elobservatorio.com.mx\/index.php?rest_route=\/wp\/v2\/posts\/15202\/revisions"}],"wp:featuredmedia":[{"embeddable":true,"href":"http:\/\/elobservatorio.com.mx\/index.php?rest_route=\/wp\/v2\/media\/15203"}],"wp:attachment":[{"href":"http:\/\/elobservatorio.com.mx\/index.php?rest_route=%2Fwp%2Fv2%2Fmedia&parent=15202"}],"wp:term":[{"taxonomy":"category","embeddable":true,"href":"http:\/\/elobservatorio.com.mx\/index.php?rest_route=%2Fwp%2Fv2%2Fcategories&post=15202"},{"taxonomy":"post_tag","embeddable":true,"href":"http:\/\/elobservatorio.com.mx\/index.php?rest_route=%2Fwp%2Fv2%2Ftags&post=15202"}],"curies":[{"name":"wp","href":"https:\/\/api.w.org\/{rel}","templated":true}]}}