{"id":15222,"date":"2021-02-26T15:30:00","date_gmt":"2021-02-26T21:30:00","guid":{"rendered":"http:\/\/elobservatorio.com.mx\/?p=15222"},"modified":"2021-02-26T15:31:35","modified_gmt":"2021-02-26T21:31:35","slug":"fge-solicita-orden-de-aprehension-y-trabaja-en-la-identificacion-de-dos-mas-relacionados-a-la-desaparicion-de-los-tres-jovenes-en-manzanillo","status":"publish","type":"post","link":"http:\/\/elobservatorio.com.mx\/?p=15222","title":{"rendered":"FGE investiga a dos m\u00e1s relacionados con la desaparici\u00f3n de los tres j\u00f3venes en Manzanillo"},"content":{"rendered":"<p><em>*Se han ejecutado derivado de las investigaciones realizadas, tres \u00f3rdenes de cateo, asegurado armas largas y veh\u00edculo implicado.<\/em><br \/>\n<em>*Contin\u00faan las b\u00fasquedas con Colectivos de Desaparecidos<\/em><\/p>\n<p>Los datos derivados de las investigaciones que hasta el momento lleva la Fiscal\u00eda General del Estado (FGE), apuntan a nuevos implicados en el caso de la desaparici\u00f3n de los tres j\u00f3venes en el municipio de Manzanillo.<\/p>\n<p>De acuerdo a los datos arrojados por las pesquisas desarrolladas por la Polic\u00eda Investigadora, agentes de la Fiscal\u00eda Especializada en Desaparici\u00f3n de Personas y de la Unidad Especializada en Combate al Secuestro (UECS), tras la aprehensi\u00f3n de Pascual \u201cN\u201d, han derivado en la implicaci\u00f3n de cuando menos otros dos hombres en esta desaparici\u00f3n, por lo que ya se realizan los actos de investigaci\u00f3n pertinentes encaminados la identificaci\u00f3n y localizaci\u00f3n de estos.<\/p>\n<p>De igual manera la FGE informa que hasta el momento en esta carpeta de investigaci\u00f3n se han ejecutado tres cateos y asegurado armas largas, cartuchos, as\u00ed como una camioneta doble cabina con placas de otro Estado implicada en estos hechos.<br \/>\nAs\u00ed mismo se da a conocer que se realizaron trabajos de b\u00fasqueda y exhumaci\u00f3n en una tercera fosa clandestina en conjunto con colectivos de desaparecidos en la entidad, fosa localizada derivado de las mismas investigaciones.<\/p>\n<p>La Fiscal\u00eda indica que las indagatorias siguen su curso, a fin de identificar y localizar a todos los implicados en estos hechos delictivos y obtener las \u00f3rdenes de aprehensi\u00f3n correspondientes en contra de estos. Paralelo a estas investigaciones, con los datos de prueba con los que se cuenta hasta el momento, se solicita al Juez de Control competente orden de aprehensi\u00f3n en contra de Pascual \u201cN\u201d por su participaci\u00f3n en estos hechos.<\/p>\n<p>Por ello se notifica a la sociedad y a la opini\u00f3n p\u00fablica que a fin de no entorpecer las investigaciones y garantizar el respeto procesal, se dar\u00e1 a conocer mayor informaci\u00f3n s\u00f3lo cuando el momento procesal sea oportuno y el avance en las indagatorias lo permitan.<\/p>\n","protected":false},"excerpt":{"rendered":"<p>*Se han ejecutado derivado de las investigaciones realizadas, tres \u00f3rdenes de cateo, asegurado armas largas y veh\u00edculo implicado. *Contin\u00faan las b\u00fasquedas con Colectivos de Desaparecidos Los datos derivados de las investigaciones que hasta el momento lleva la Fiscal\u00eda General del Estado (FGE), apuntan a nuevos implicados en el caso de la desaparici\u00f3n de los tres&#8230;<\/p>\n","protected":false},"author":2,"featured_media":15223,"comment_status":"open","ping_status":"open","sticky":false,"template":"","format":"standard","meta":{"footnotes":""},"categories":[15],"tags":[29,30,28],"class_list":["post-15222","post","type-post","status-publish","format-standard","has-post-thumbnail","hentry","category-seguridad-y-justicia","tag-grid","tag-news","tag-slider"],"_links":{"self":[{"href":"http:\/\/elobservatorio.com.mx\/index.php?rest_route=\/wp\/v2\/posts\/15222"}],"collection":[{"href":"http:\/\/elobservatorio.com.mx\/index.php?rest_route=\/wp\/v2\/posts"}],"about":[{"href":"http:\/\/elobservatorio.com.mx\/index.php?rest_route=\/wp\/v2\/types\/post"}],"author":[{"embeddable":true,"href":"http:\/\/elobservatorio.com.mx\/index.php?rest_route=\/wp\/v2\/users\/2"}],"replies":[{"embeddable":true,"href":"http:\/\/elobservatorio.com.mx\/index.php?rest_route=%2Fwp%2Fv2%2Fcomments&post=15222"}],"version-history":[{"count":0,"href":"http:\/\/elobservatorio.com.mx\/index.php?rest_route=\/wp\/v2\/posts\/15222\/revisions"}],"wp:featuredmedia":[{"embeddable":true,"href":"http:\/\/elobservatorio.com.mx\/index.php?rest_route=\/wp\/v2\/media\/15223"}],"wp:attachment":[{"href":"http:\/\/elobservatorio.com.mx\/index.php?rest_route=%2Fwp%2Fv2%2Fmedia&parent=15222"}],"wp:term":[{"taxonomy":"category","embeddable":true,"href":"http:\/\/elobservatorio.com.mx\/index.php?rest_route=%2Fwp%2Fv2%2Fcategories&post=15222"},{"taxonomy":"post_tag","embeddable":true,"href":"http:\/\/elobservatorio.com.mx\/index.php?rest_route=%2Fwp%2Fv2%2Ftags&post=15222"}],"curies":[{"name":"wp","href":"https:\/\/api.w.org\/{rel}","templated":true}]}}