{"id":15230,"date":"2021-02-27T00:03:31","date_gmt":"2021-02-27T06:03:31","guid":{"rendered":"http:\/\/elobservatorio.com.mx\/?p=15230"},"modified":"2021-02-27T00:11:41","modified_gmt":"2021-02-27T06:11:41","slug":"oscar-avalos-sin-rival-fuerte","status":"publish","type":"post","link":"http:\/\/elobservatorio.com.mx\/?p=15230","title":{"rendered":"OSCAR AVALOS SIN RIVAL FUERTE"},"content":{"rendered":"<p><strong>Observador Pol\u00edtico<\/strong><\/p>\n<p><em>Belisario Romero S\u00e1nchez<\/em><\/p>\n<p>Como al presidente de M\u00e9xico, Andr\u00e9s Manuel L\u00f3pez Obrador, m\u00e1s que nada, le interesa mantener la mayor\u00eda en las c\u00e1maras federales porque ser\u00e1 una elecci\u00f3n intermedia, para seguir impulsando sus reformas, adem\u00e1s posicionar al sucesor en tres a\u00f1os, para que el partido de MORENA siga siendo una marca ganadora, aunque sus integrantes pol\u00edticos no gocen de buena reputaci\u00f3n. Buscar\u00e1 enviar a conquistar el elector a lo que se podr\u00eda decir, sus mejores candidatos -no los tiene- que tendr\u00e1n a su favor, a su disposici\u00f3n toda la estructura territorial de los programas federales, el trabajo de tierra que desde hace meses vienen haciendo los Servidores de la Naci\u00f3n.<\/p>\n<p>En Colima las diputaci\u00f3n federal de MORENA por el primer distrito podr\u00eda quedar en manos Vladimir Parra, conocido en la vox populi como el diputado local que en campa\u00f1a prometi\u00f3 bajarse el sueldo y no cumpli\u00f3. Que utiliz\u00f3 los programas federales, espec\u00edficamente J\u00f3venes construyendo el futuro para meter a cobrar incondicionales. El modus operandis es ponerlos a cobrar en el Congreso del Estado pero la realidad es que el trabajo que han realizado durante dos a\u00f1os y medio que lleva como legislador es servir de paleros, grilleros, trolles, que deben replicar todo lo que Vladimir realiza y echarle mont\u00f3n al que se le ponga enfrente, al que lo ataque en redes sociales. Todo ese servicio que est\u00e1n a las \u00f3rdenes de Vladimir Parra le han costado al noble y aguantador pueblo de Colima m\u00e1s de medio mill\u00f3n de pesos. Incluso hasta cre\u00f3 portales de noticias para rendirle la alabanza un d\u00eda s\u00ed y otro tambi\u00e9n, obviamente la factura se le carga al noble y aguantador pueblo de Colima a trav\u00e9s del congreso del estado.<\/p>\n<p>Con el ego por las nubes, Vladimir Parra se registr\u00f3 para buscar la diputaci\u00f3n federal por ese distrito, en donde su ya campa\u00f1a pol\u00edtica ha sido pegarle a la Universidad de Colima operando detr\u00e1s de unos estudiantes para que presionen a la M\u00e1xima casa de Estudios de eliminar las cuotas escolares. Repartir un pasqu\u00edn que su impresi\u00f3n tambi\u00e9n se le carga la factura al noble y aguantador pueblo de Colima,\u00a0 con contenido basura por desinformar a la sociedad por tener en su interior pura alabanza a la imagen pol\u00edtica de quienes han traicionado al pueblo y a su partido.<\/p>\n<p>Los dem\u00e1s aspirantes al mismo cargo deben estar conscientes que no se enfrentar\u00e1n en las urnas al candidato de MORENA.\u00a0 Se enfrentar\u00e1n al aparato federal que se est\u00e1 utilizando como estructura pol\u00edtica a trav\u00e9s de los servidores de la Naci\u00f3n. Lamentablemente en el primer distrito federal electoral la oposici\u00f3n est\u00e1 poni\u00e9ndole f\u00e1cil el camino a MORENA al no mandar a alguien rentable y fuerte. Ninguno de los que hasta el momento ha levantado la mano le ganar\u00eda al partido en el poder, oportunidad que un impresentable como Vladimir Parra quiere aprovechar para llegar al congreso de la uni\u00f3n y hacernos m\u00e1s da\u00f1o de lo que ya nos ha hecho.<\/p>\n<p>En el segundo distrito, Oscar Avalos Verdugo de la Alianza Va por M\u00e9xico, es el m\u00e1s fuerte, tan est\u00e1 fuerte que en MORENA no deciden a\u00fan a quien impulsar porque pese a tener partido en el poder, para ese espacio no tienen un candidato o candidata fuerte y posicionado como lo est\u00e1 el tecomense Oscar Avalos Verdugo. Como les dec\u00eda al principio de esta columna. A MORENA le interesa mantener la mayor\u00eda en la c\u00e1mara de diputados y desde hace tiempo han estado haciendo campa\u00f1a a trav\u00e9s de los programas federales, trabajo pol\u00edtico electoral que los servidores de la naci\u00f3n hacen en tierra.<\/p>\n<p>Constantemente los vemos en el barrio, colonia o comunidad con una tabla para apuntes, mochila, vestidos con un chaleco y gorra con los mismo colores que usan los del \u201ccolectivo de promotores del voto de MORENA\u201d.<\/p>\n<p>Su trabajo en este proceso electoral es realizar auditor\u00eda para actualizar el padr\u00f3n de los beneficiarios de los programas federales, cu\u00e1ntos quedan vivos, les llegan o no los programas, qu\u00e9 opinan de AMLO, qu\u00e9 opinan de MORENA, qu\u00e9 opini\u00f3n tienen de Indira Vizca\u00edno \u00a0y a la vez darles l\u00ednea de que estos programas son gracias al gobierno federal, como a la vieja usanza del PRI y del PAN, que usaban las mismas estrategias, esas que los morenistas \u00a0tanto criticaron.<\/p>\n<p>Avalos Verdugo sin confiarse, pero con una amplia experiencia en campa\u00f1as pol\u00edticas, el trabajo en tierra es una de sus fortalezas porque se ha respaldado en sectores y organizaciones, liderazgos, empresarios, comerciantes, jornaleros, gente del sector productivo que por a\u00f1os han contado con el apoyo, amistad y atenci\u00f3n de quien busca representarlos en la c\u00e1mara de diputados.<\/p>\n<p>Trabajo que MORENA no tiene porque no saben hacer otra cosa m\u00e1s que dividir y grillar. El nivel de Oscar Avalos como diputado federal ante alguien de MORENA estar\u00e1 por encima de quienes buscan improvisar y servir de levanta dedos en ese esca\u00f1o federal.<\/p>\n<p>Si en tierra se gana las elecciones y ese trabajo ya lo hacen los Servidores de la Naci\u00f3n para los que vayan de MORENA, con mayor raz\u00f3n Oscar Avalos lo fortalecen porque es lo \u00fanico que tienen para ofrecerle al electorado: el uso de los recursos humanos y econ\u00f3micos de \u00a0programas federales del gobierno de M\u00e9xico a favor del paquete de candidatos morenos.<\/p>\n<p>***La lista de aspirantes no disminuy\u00f3 con la depuraci\u00f3n que se realiz\u00f3 debido al acomodo por la cuota de g\u00e9nero. Algunos partidos est\u00e1n echando mano a bote pronto de mujeres que no son conocidas en el \u00e1mbito pol\u00edtico. En el caso del partido Verde, al bajar a don Carlos I\u00f1iguez en Tecom\u00e1n, busca promover la imagen de su esposa, mujer que no conoce ni coma de este arte de la polaca. Tambi\u00e9n les pas\u00f3 lo mismo en algunos distritos.<\/p>\n<p>Despu\u00e9s de vivir esta mala experiencia, los partidos no deben bajar las cortinas despu\u00e9s de las elecciones y echarse a dormir, deben seguir impulsando cuadros valiosos de hombres y mujeres para seguir garantizando los triunfos electorales con las y los mejores perfiles. Sobre todo las mujeres que de aqu\u00ed en adelante tendr\u00e1n el 50 por ciento de participaci\u00f3n en las candidaturas, incluyendo j\u00f3venes, que en ese sector hay mucho joven ansioso de participar en la toma de decisiones, solo les falta involucrarse m\u00e1s para que aparte de la juventud, est\u00e9n preparados para representarnos bien.<\/p>\n<p>&nbsp;<\/p>\n<p>&nbsp;<\/p>\n","protected":false},"excerpt":{"rendered":"<p>Observador Pol\u00edtico Belisario Romero S\u00e1nchez Como al presidente de M\u00e9xico, Andr\u00e9s Manuel L\u00f3pez Obrador, m\u00e1s que nada, le interesa mantener la mayor\u00eda en las c\u00e1maras federales porque ser\u00e1 una elecci\u00f3n intermedia, para seguir impulsando sus reformas, adem\u00e1s posicionar al sucesor en tres a\u00f1os, para que el partido de MORENA siga siendo una marca ganadora, aunque&#8230;<\/p>\n","protected":false},"author":2,"featured_media":1003,"comment_status":"open","ping_status":"open","sticky":false,"template":"","format":"standard","meta":{"footnotes":""},"categories":[11],"tags":[29,30,28],"class_list":["post-15230","post","type-post","status-publish","format-standard","has-post-thumbnail","hentry","category-opinion","tag-grid","tag-news","tag-slider"],"_links":{"self":[{"href":"http:\/\/elobservatorio.com.mx\/index.php?rest_route=\/wp\/v2\/posts\/15230"}],"collection":[{"href":"http:\/\/elobservatorio.com.mx\/index.php?rest_route=\/wp\/v2\/posts"}],"about":[{"href":"http:\/\/elobservatorio.com.mx\/index.php?rest_route=\/wp\/v2\/types\/post"}],"author":[{"embeddable":true,"href":"http:\/\/elobservatorio.com.mx\/index.php?rest_route=\/wp\/v2\/users\/2"}],"replies":[{"embeddable":true,"href":"http:\/\/elobservatorio.com.mx\/index.php?rest_route=%2Fwp%2Fv2%2Fcomments&post=15230"}],"version-history":[{"count":0,"href":"http:\/\/elobservatorio.com.mx\/index.php?rest_route=\/wp\/v2\/posts\/15230\/revisions"}],"wp:featuredmedia":[{"embeddable":true,"href":"http:\/\/elobservatorio.com.mx\/index.php?rest_route=\/wp\/v2\/media\/1003"}],"wp:attachment":[{"href":"http:\/\/elobservatorio.com.mx\/index.php?rest_route=%2Fwp%2Fv2%2Fmedia&parent=15230"}],"wp:term":[{"taxonomy":"category","embeddable":true,"href":"http:\/\/elobservatorio.com.mx\/index.php?rest_route=%2Fwp%2Fv2%2Fcategories&post=15230"},{"taxonomy":"post_tag","embeddable":true,"href":"http:\/\/elobservatorio.com.mx\/index.php?rest_route=%2Fwp%2Fv2%2Ftags&post=15230"}],"curies":[{"name":"wp","href":"https:\/\/api.w.org\/{rel}","templated":true}]}}