{"id":15246,"date":"2021-02-28T18:19:22","date_gmt":"2021-03-01T00:19:22","guid":{"rendered":"http:\/\/elobservatorio.com.mx\/?p=15246"},"modified":"2021-02-28T18:19:22","modified_gmt":"2021-03-01T00:19:22","slug":"tentativamente-esta-semana-arribaria-la-vacunacion-contra-covid-19-a-cuauhtemoc","status":"publish","type":"post","link":"http:\/\/elobservatorio.com.mx\/?p=15246","title":{"rendered":"Tentativamente esta semana arribar\u00eda la vacunaci\u00f3n contra Covid-19 a Cuauht\u00e9moc"},"content":{"rendered":"<p><em>*Se re\u00fane alcalde Rafael Mendoza con delegada de Programas del Gobierno de M\u00e9xico en Colima.<\/em><\/p>\n<p>Recientemente en su despacho de la presidencia municipal de Cuauht\u00e9moc, el alcalde Rafael Mendoza se reuni\u00f3 con la delegada\u00a0 de Programas para el Desarrollo del Gobierno de M\u00e9xico, Guadalupe Sol\u00eds, y recibi\u00f3 importante informaci\u00f3n sobre la pr\u00f3xima jornada de vacunaci\u00f3n en el municipio de Cuauht\u00e9moc para los adultos mayores de 60 a\u00f1os, que dio a conocer a la poblaci\u00f3n que ha venido preguntando cu\u00e1ndo y c\u00f3mo se llevar\u00eda a cabo la misma en las comunidades del municipio.<\/p>\n<p>El presidente municipal de Cuauht\u00e9moc luego de recibir la visita de la funcionaria\u00a0 federal y dialogar sobre importantes gestiones relacionadas con esta dependencia en el municipio de Cuauht\u00e9moc; a trav\u00e9s de un video, inform\u00f3\u00a0 a la poblaci\u00f3n que tentativamente esta semana llegar\u00eda la vacuna al municipio, y explic\u00f3 la forma en que se avisar\u00e1 y el tiempo en que arribar\u00eda el personal m\u00e9dico a llevar a cabo la vacunaci\u00f3n a los adultos mayores de 60 a\u00f1os.<\/p>\n<p>Para informar a la poblaci\u00f3n, el presidente municipal de Cuauht\u00e9moc, se\u00f1al\u00f3, que hay tres formas de comunicar a las personas mayores sobre el d\u00eda en que recibir\u00e1n la\u00a0 vacuna, siendo una a trav\u00e9s de los Servidores de la Naci\u00f3n de la delegaci\u00f3n del Gobierno Federal en Colima; otra a trav\u00e9s de una llamada telef\u00f3nica a aquellas personas que\u00a0 se registraron a trav\u00e9s de la plataforma para la vacunaci\u00f3n de la Secretar\u00eda de Salud federal; y otra a trav\u00e9s del registro que el Instituto Nacional electoral tiene de los ciudadanos y ciudadanas que \u00a0tienen arriba de 60 a\u00f1os.<\/p>\n<p>Con esta informaci\u00f3n, el presidente municipal, dijo responder as\u00ed muchas personas, sobre todo los mayores de edad, que ven\u00edan pregunt\u00e1ndole cu\u00e1ndo y c\u00f3mo se llevar\u00eda a cabo la vacunaci\u00f3n.<\/p>\n<p>Durante la transmisi\u00f3n de esta importante informaci\u00f3n sobre el tema de la vacunaci\u00f3n en el municipio de Cuauht\u00e9moc;\u00a0 en l\u00ednea los ciudadanos preguntaban si en casos de personas con discapacidad o con problemas de traslado acudir\u00edan los m\u00e9dicos a aplicarles la vacuna en sus domicilios, el presidente municipal se\u00f1al\u00f3 que se ve\u00eda dif\u00edcil por el esquema de vacunaci\u00f3n, que el personal\u00a0 acudiera a domicilios espec\u00edficos, sin embargo dijo que si hay esta necesidad de personas que presenten esta situaci\u00f3n, se buscar\u00eda la forma de ayudarles para el traslado a los centros espec\u00edficos de vacunaci\u00f3n que en su momento se difundir\u00e1n a trav\u00e9s de perifoneo,<\/p>\n<p>Adelant\u00f3 que habr\u00e1 puestos de vacunaci\u00f3n en El Trapiche,\u00a0 en Chiapa, Buenavista, Palmillas, Cerro Colorado, Alcaraces, Queser\u00eda y la Cabecera Municipal, adonde acudir\u00edan\u00a0 personas de comunidades cercanas a estos puntos.<\/p>\n","protected":false},"excerpt":{"rendered":"<p>*Se re\u00fane alcalde Rafael Mendoza con delegada de Programas del Gobierno de M\u00e9xico en Colima. Recientemente en su despacho de la presidencia municipal de Cuauht\u00e9moc, el alcalde Rafael Mendoza se reuni\u00f3 con la delegada\u00a0 de Programas para el Desarrollo del Gobierno de M\u00e9xico, Guadalupe Sol\u00eds, y recibi\u00f3 importante informaci\u00f3n sobre la pr\u00f3xima jornada de vacunaci\u00f3n&#8230;<\/p>\n","protected":false},"author":2,"featured_media":15247,"comment_status":"open","ping_status":"open","sticky":false,"template":"","format":"standard","meta":{"footnotes":""},"categories":[40,8],"tags":[29,30,28],"class_list":["post-15246","post","type-post","status-publish","format-standard","has-post-thumbnail","hentry","category-cuauhtemoc","category-municipios","tag-grid","tag-news","tag-slider"],"_links":{"self":[{"href":"http:\/\/elobservatorio.com.mx\/index.php?rest_route=\/wp\/v2\/posts\/15246"}],"collection":[{"href":"http:\/\/elobservatorio.com.mx\/index.php?rest_route=\/wp\/v2\/posts"}],"about":[{"href":"http:\/\/elobservatorio.com.mx\/index.php?rest_route=\/wp\/v2\/types\/post"}],"author":[{"embeddable":true,"href":"http:\/\/elobservatorio.com.mx\/index.php?rest_route=\/wp\/v2\/users\/2"}],"replies":[{"embeddable":true,"href":"http:\/\/elobservatorio.com.mx\/index.php?rest_route=%2Fwp%2Fv2%2Fcomments&post=15246"}],"version-history":[{"count":0,"href":"http:\/\/elobservatorio.com.mx\/index.php?rest_route=\/wp\/v2\/posts\/15246\/revisions"}],"wp:featuredmedia":[{"embeddable":true,"href":"http:\/\/elobservatorio.com.mx\/index.php?rest_route=\/wp\/v2\/media\/15247"}],"wp:attachment":[{"href":"http:\/\/elobservatorio.com.mx\/index.php?rest_route=%2Fwp%2Fv2%2Fmedia&parent=15246"}],"wp:term":[{"taxonomy":"category","embeddable":true,"href":"http:\/\/elobservatorio.com.mx\/index.php?rest_route=%2Fwp%2Fv2%2Fcategories&post=15246"},{"taxonomy":"post_tag","embeddable":true,"href":"http:\/\/elobservatorio.com.mx\/index.php?rest_route=%2Fwp%2Fv2%2Ftags&post=15246"}],"curies":[{"name":"wp","href":"https:\/\/api.w.org\/{rel}","templated":true}]}}