{"id":15272,"date":"2021-03-01T14:40:57","date_gmt":"2021-03-01T20:40:57","guid":{"rendered":"http:\/\/elobservatorio.com.mx\/?p=15272"},"modified":"2021-03-01T14:40:57","modified_gmt":"2021-03-01T20:40:57","slug":"nombran-a-moises-mendoza-como-nuevo-director-de-servicios-publicos","status":"publish","type":"post","link":"http:\/\/elobservatorio.com.mx\/?p=15272","title":{"rendered":"Nombran a Mois\u00e9s Mendoza como nuevo director de servicios p\u00fablicos"},"content":{"rendered":"<p><em>*Aldo Ra\u00fal Enriquez Rivero va como candidato a s\u00edndico en la planilla de MC en Manzanillo\u00a0<\/em><\/p>\n<p>ARMER\u00cdA.- El Presidente Municipal Salvador Bueno Arceo nombr\u00f3 a Mois\u00e9s Mendoza Vizcarra como nuevo director de Servicios P\u00fablicos, luego de que Aldo Ra\u00fal Enr\u00edquez Rivero dejara el cargo debido a cuestiones personales.<\/p>\n<p>Dentro del despacho de la presidencia municipal, Bueno Arceo nombr\u00f3 al nuevo funcionario como responsable de los servicios p\u00fablicos y dijo que es una persona trabajadora, responsable y con ganas de mejorar a\u00fan m\u00e1s el trabajo que ya ven\u00eda desempe\u00f1ando el anterior director.<\/p>\n<p>\u201cEstar\u00e1 disponible las 24 horas del d\u00eda durante los 7 d\u00edas de la semana, porque los servicios p\u00fablicos en todo el municipio son una prioridad dentro de mi gobierno y no podemos dejar desprotegida esta \u00e1rea\u201d, dijo el alcalde.<\/p>\n<p>Por su parte, Mois\u00e9s Mendoza Vizcarra agradeci\u00f3 a Salvador Bueno la confianza al llamarlo para encabezar una de las direcciones m\u00e1s importantes del Ayuntamiento, como lo son los servicios p\u00fablicos, \u201cvoy a poner todo mi esfuerzo para seguir mejorando a\u00fan m\u00e1s las actividades que tenemos la responsabilidad de llevar a cabo en todo el municipio\u201d.<\/p>\n","protected":false},"excerpt":{"rendered":"<p>*Aldo Ra\u00fal Enriquez Rivero va como candidato a s\u00edndico en la planilla de MC en Manzanillo\u00a0 ARMER\u00cdA.- El Presidente Municipal Salvador Bueno Arceo nombr\u00f3 a Mois\u00e9s Mendoza Vizcarra como nuevo director de Servicios P\u00fablicos, luego de que Aldo Ra\u00fal Enr\u00edquez Rivero dejara el cargo debido a cuestiones personales. Dentro del despacho de la presidencia municipal,&#8230;<\/p>\n","protected":false},"author":2,"featured_media":15273,"comment_status":"open","ping_status":"open","sticky":false,"template":"","format":"standard","meta":{"footnotes":""},"categories":[33,8],"tags":[29,30,28],"class_list":["post-15272","post","type-post","status-publish","format-standard","has-post-thumbnail","hentry","category-armeria","category-municipios","tag-grid","tag-news","tag-slider"],"_links":{"self":[{"href":"http:\/\/elobservatorio.com.mx\/index.php?rest_route=\/wp\/v2\/posts\/15272"}],"collection":[{"href":"http:\/\/elobservatorio.com.mx\/index.php?rest_route=\/wp\/v2\/posts"}],"about":[{"href":"http:\/\/elobservatorio.com.mx\/index.php?rest_route=\/wp\/v2\/types\/post"}],"author":[{"embeddable":true,"href":"http:\/\/elobservatorio.com.mx\/index.php?rest_route=\/wp\/v2\/users\/2"}],"replies":[{"embeddable":true,"href":"http:\/\/elobservatorio.com.mx\/index.php?rest_route=%2Fwp%2Fv2%2Fcomments&post=15272"}],"version-history":[{"count":0,"href":"http:\/\/elobservatorio.com.mx\/index.php?rest_route=\/wp\/v2\/posts\/15272\/revisions"}],"wp:featuredmedia":[{"embeddable":true,"href":"http:\/\/elobservatorio.com.mx\/index.php?rest_route=\/wp\/v2\/media\/15273"}],"wp:attachment":[{"href":"http:\/\/elobservatorio.com.mx\/index.php?rest_route=%2Fwp%2Fv2%2Fmedia&parent=15272"}],"wp:term":[{"taxonomy":"category","embeddable":true,"href":"http:\/\/elobservatorio.com.mx\/index.php?rest_route=%2Fwp%2Fv2%2Fcategories&post=15272"},{"taxonomy":"post_tag","embeddable":true,"href":"http:\/\/elobservatorio.com.mx\/index.php?rest_route=%2Fwp%2Fv2%2Ftags&post=15272"}],"curies":[{"name":"wp","href":"https:\/\/api.w.org\/{rel}","templated":true}]}}