{"id":15275,"date":"2021-03-01T15:13:44","date_gmt":"2021-03-01T21:13:44","guid":{"rendered":"http:\/\/elobservatorio.com.mx\/?p=15275"},"modified":"2021-03-01T15:13:44","modified_gmt":"2021-03-01T21:13:44","slug":"giran-orden-de-aprehension-contra-roberto-sandoval-y-su-hija","status":"publish","type":"post","link":"http:\/\/elobservatorio.com.mx\/?p=15275","title":{"rendered":"Giran orden de aprehensi\u00f3n contra Roberto Sandoval y su hija"},"content":{"rendered":"<p><em>*Por el delito de operaciones con recursos de procedencia il\u00edcita<\/em><\/p>\n<p>La\u00a0<strong>Fiscal\u00eda General de la Rep\u00fablica<\/strong>\u00a0(<strong>FGR<\/strong>) emiti\u00f3 este lunes dos \u00f3rdenes de aprehensi\u00f3n en contra del exgobernador de Nayarit,\u00a0<strong>Roberto Sandoval\u00a0<\/strong>y su hija,\u00a0<strong>Lidy Sandoval L\u00f3pez<\/strong>\u00a0por el delito de operaciones con recursos de procedencia il\u00edcita.<\/p>\n<p>Esto luego de que un<strong>\u00a0juez federal<\/strong>\u00a0considerara que el delito de material de la solicitud de la<strong>\u00a0orden de aprehensi\u00f3n<\/strong>\u00a0es de especial relevancia e impacto social, debido a la enorme cantidad de operaciones reportadas en da\u00f1o a las finanzas p\u00fablicas del gobierno de Nayarit.<\/p>\n<p>Adem\u00e1s se determino que existe datos de prueba, tanto en el fuero com\u00fan, como el federal, adem\u00e1s de que ambas personas presuntamente tienen relaci\u00f3n con el\u00a0<strong>C\u00e1rtel Jalisco Nueva Generaci\u00f3n (CJNG)<\/strong>\u00a0por lo que ya hay una investigaci\u00f3n en curso.<\/p>\n<p>En ese sentido se indic\u00f3 que la<strong>\u00a0FGR<\/strong>\u00a0y otras instituciones colaborar\u00e1n para darle cumplimiento a las dos \u00f3rdenes, adem\u00e1s de pedir solicitud de\u00a0<strong>ficha roja a la Interpol<\/strong>.<\/p>\n<p><strong>Roberto Sandoval<\/strong>\u00a0fue gobernador de Nayarit de 2011 a 2017 y luego de su gesti\u00f3n fue se\u00f1alado de delitos de corrupci\u00f3n y nexos con el narcotr\u00e1fico.<\/p>\n<p class=\"has-text-align-right\">Con informaci\u00f3n de Milenio | Noticias en la Mira<\/p>\n<div class=\"pinno-author-info-wrap left relative\">\n<div class=\"pinno-author-info-thumb left relative\"><\/div>\n<div class=\"pinno-author-info-text left relative\"><\/div>\n<\/div>\n","protected":false},"excerpt":{"rendered":"<p>*Por el delito de operaciones con recursos de procedencia il\u00edcita La\u00a0Fiscal\u00eda General de la Rep\u00fablica\u00a0(FGR) emiti\u00f3 este lunes dos \u00f3rdenes de aprehensi\u00f3n en contra del exgobernador de Nayarit,\u00a0Roberto Sandoval\u00a0y su hija,\u00a0Lidy Sandoval L\u00f3pez\u00a0por el delito de operaciones con recursos de procedencia il\u00edcita. Esto luego de que un\u00a0juez federal\u00a0considerara que el delito de material de la&#8230;<\/p>\n","protected":false},"author":2,"featured_media":15276,"comment_status":"open","ping_status":"open","sticky":false,"template":"","format":"standard","meta":{"footnotes":""},"categories":[13],"tags":[29,30,28],"class_list":["post-15275","post","type-post","status-publish","format-standard","has-post-thumbnail","hentry","category-nacion-y-mundo","tag-grid","tag-news","tag-slider"],"_links":{"self":[{"href":"http:\/\/elobservatorio.com.mx\/index.php?rest_route=\/wp\/v2\/posts\/15275"}],"collection":[{"href":"http:\/\/elobservatorio.com.mx\/index.php?rest_route=\/wp\/v2\/posts"}],"about":[{"href":"http:\/\/elobservatorio.com.mx\/index.php?rest_route=\/wp\/v2\/types\/post"}],"author":[{"embeddable":true,"href":"http:\/\/elobservatorio.com.mx\/index.php?rest_route=\/wp\/v2\/users\/2"}],"replies":[{"embeddable":true,"href":"http:\/\/elobservatorio.com.mx\/index.php?rest_route=%2Fwp%2Fv2%2Fcomments&post=15275"}],"version-history":[{"count":0,"href":"http:\/\/elobservatorio.com.mx\/index.php?rest_route=\/wp\/v2\/posts\/15275\/revisions"}],"wp:featuredmedia":[{"embeddable":true,"href":"http:\/\/elobservatorio.com.mx\/index.php?rest_route=\/wp\/v2\/media\/15276"}],"wp:attachment":[{"href":"http:\/\/elobservatorio.com.mx\/index.php?rest_route=%2Fwp%2Fv2%2Fmedia&parent=15275"}],"wp:term":[{"taxonomy":"category","embeddable":true,"href":"http:\/\/elobservatorio.com.mx\/index.php?rest_route=%2Fwp%2Fv2%2Fcategories&post=15275"},{"taxonomy":"post_tag","embeddable":true,"href":"http:\/\/elobservatorio.com.mx\/index.php?rest_route=%2Fwp%2Fv2%2Ftags&post=15275"}],"curies":[{"name":"wp","href":"https:\/\/api.w.org\/{rel}","templated":true}]}}