{"id":15278,"date":"2021-03-01T15:50:14","date_gmt":"2021-03-01T21:50:14","guid":{"rendered":"http:\/\/elobservatorio.com.mx\/?p=15278"},"modified":"2021-03-01T15:50:14","modified_gmt":"2021-03-01T21:50:14","slug":"destaca-gobierno-municipal-colaboracion-del-sector-empresarial-en-medidas-sanitarias-durante-mes-de-febrero","status":"publish","type":"post","link":"http:\/\/elobservatorio.com.mx\/?p=15278","title":{"rendered":"Destaca gobierno municipal, colaboraci\u00f3n del sector empresarial en medidas sanitarias durante mes de Febrero"},"content":{"rendered":"<p>Atendiendo a los protocolos implementados por el gobierno estatal y federal, en torno a evitar la propagaci\u00f3n del Covid-19 entre la poblaci\u00f3n; el H. Ayuntamiento de Tecom\u00e1n, a trav\u00e9s de la direcci\u00f3n de Reglamentos y Apremios ha estado al pendiente del cumplimiento de las medidas sanitarias de todos los giros comerciales, en especial, de bares, restaurantes y salones de fiestas.<\/p>\n<p>Por lo anterior y debido al sem\u00e1foro rojo que se aplic\u00f3 del 01 al 15 de febrero, en acciones coordinadas con la Direcci\u00f3n General de Seguridad P\u00fablica y Polic\u00eda Vial (DGSPyPV), la Unidad Municipal de Protecci\u00f3n Civil (UMPC) y la Comisi\u00f3n Estatal para la Protecci\u00f3n contra Riesgos Sanitarios (COESPRIS Tecom\u00e1n), se estuvieron implementando, este municipio, operativos contantes para supervisar que los bares y salones de fiestas estuvieran cerrados y que los restaurant-bar cumplieran con las medidas indicadas de cierre en horarios determinados y la afluencia al 25% de su capacidad.<\/p>\n<p>Del 16 al 28 de febrero Reglamentos y Apremios reporta que tras activarse el sem\u00e1foro naranja, hasta la noche de este 27 de febrero, continuaron con las supervisiones correspondientes en donde, se\u00f1ala que se les permiti\u00f3 la apertura de dos horas m\u00e1s a los esenciales y no esenciales; pero con el aforo permitido en las consideraciones especificadas por el gobierno del Estado.<\/p>\n<p>Cabe destacar, la cooperaci\u00f3n en el municipio de Tecom\u00e1n, del sector empresarial, quienes entendieron la situaci\u00f3n que estaba viviendo el estado y el municipio en materia de salud, y seg\u00fan el giro de cada uno de ellos, se tuvo una muy buena colaboraci\u00f3n, por lo que no hubo necesidad ni de suspender ni de clausurar a nadie.<\/p>\n<p>Por lo antes expuesto, el gobierno municipal de Tecom\u00e1n est\u00e1 a la espera de c\u00f3mo se declare por parte de las autoridades estatales la semaforizaci\u00f3n a partir de este 01 de marzo y saber, de igual forma, c\u00f3mo se estar\u00e1 trabajando en los d\u00edas subsecuentes con los establecimientos esenciales y no esenciales.<\/p>\n","protected":false},"excerpt":{"rendered":"<p>Atendiendo a los protocolos implementados por el gobierno estatal y federal, en torno a evitar la propagaci\u00f3n del Covid-19 entre la poblaci\u00f3n; el H. Ayuntamiento de Tecom\u00e1n, a trav\u00e9s de la direcci\u00f3n de Reglamentos y Apremios ha estado al pendiente del cumplimiento de las medidas sanitarias de todos los giros comerciales, en especial, de bares,&#8230;<\/p>\n","protected":false},"author":2,"featured_media":15279,"comment_status":"open","ping_status":"open","sticky":false,"template":"","format":"standard","meta":{"footnotes":""},"categories":[8,34],"tags":[29,30,28],"class_list":["post-15278","post","type-post","status-publish","format-standard","has-post-thumbnail","hentry","category-municipios","category-tecoman","tag-grid","tag-news","tag-slider"],"_links":{"self":[{"href":"http:\/\/elobservatorio.com.mx\/index.php?rest_route=\/wp\/v2\/posts\/15278"}],"collection":[{"href":"http:\/\/elobservatorio.com.mx\/index.php?rest_route=\/wp\/v2\/posts"}],"about":[{"href":"http:\/\/elobservatorio.com.mx\/index.php?rest_route=\/wp\/v2\/types\/post"}],"author":[{"embeddable":true,"href":"http:\/\/elobservatorio.com.mx\/index.php?rest_route=\/wp\/v2\/users\/2"}],"replies":[{"embeddable":true,"href":"http:\/\/elobservatorio.com.mx\/index.php?rest_route=%2Fwp%2Fv2%2Fcomments&post=15278"}],"version-history":[{"count":0,"href":"http:\/\/elobservatorio.com.mx\/index.php?rest_route=\/wp\/v2\/posts\/15278\/revisions"}],"wp:featuredmedia":[{"embeddable":true,"href":"http:\/\/elobservatorio.com.mx\/index.php?rest_route=\/wp\/v2\/media\/15279"}],"wp:attachment":[{"href":"http:\/\/elobservatorio.com.mx\/index.php?rest_route=%2Fwp%2Fv2%2Fmedia&parent=15278"}],"wp:term":[{"taxonomy":"category","embeddable":true,"href":"http:\/\/elobservatorio.com.mx\/index.php?rest_route=%2Fwp%2Fv2%2Fcategories&post=15278"},{"taxonomy":"post_tag","embeddable":true,"href":"http:\/\/elobservatorio.com.mx\/index.php?rest_route=%2Fwp%2Fv2%2Ftags&post=15278"}],"curies":[{"name":"wp","href":"https:\/\/api.w.org\/{rel}","templated":true}]}}