{"id":15415,"date":"2021-03-09T15:52:10","date_gmt":"2021-03-09T21:52:10","guid":{"rendered":"http:\/\/elobservatorio.com.mx\/?p=15415"},"modified":"2021-03-09T15:52:10","modified_gmt":"2021-03-09T21:52:10","slug":"apoya-udec-campana-nacional-de-vacunacion-contra-la-covid-19","status":"publish","type":"post","link":"http:\/\/elobservatorio.com.mx\/?p=15415","title":{"rendered":"Apoya UdeC campa\u00f1a nacional de vacunaci\u00f3n contra la COVID-19"},"content":{"rendered":"<p>Desde este lunes, la Universidad de Colima se sum\u00f3 a la Estrategia Nacional de Vacunaci\u00f3n contra el COVID-19, facilitando sus instalaciones para que la Secretar\u00eda del Bienestar y la Guardia Nacional operen y organicen en su totalidad la aplicaci\u00f3n de vacunas, en este caso para adultos mayores.<\/p>\n<p>Tecom\u00e1n fue el primer campus en ser utilizado para este fin, y la instituci\u00f3n educativa ya puso a disposici\u00f3n de la autoridad sanitaria otros espacios con la intenci\u00f3n de hacer un frente com\u00fan contra la pandemia.<\/p>\n<p>Esto es parte del esfuerzo que la UdeC, junto con las instituciones que integran la Asociaci\u00f3n Nacional de Universidades e Instituciones de Educaci\u00f3n Superior (ANUIES), realizan para apoyar esta campa\u00f1a y beneficiar tambi\u00e9n a la sociedad en general.<\/p>\n","protected":false},"excerpt":{"rendered":"<p>Desde este lunes, la Universidad de Colima se sum\u00f3 a la Estrategia Nacional de Vacunaci\u00f3n contra el COVID-19, facilitando sus instalaciones para que la Secretar\u00eda del Bienestar y la Guardia Nacional operen y organicen en su totalidad la aplicaci\u00f3n de vacunas, en este caso para adultos mayores. Tecom\u00e1n fue el primer campus en ser utilizado&#8230;<\/p>\n","protected":false},"author":2,"featured_media":15416,"comment_status":"open","ping_status":"open","sticky":false,"template":"","format":"standard","meta":{"footnotes":""},"categories":[19],"tags":[29,30,28],"class_list":["post-15415","post","type-post","status-publish","format-standard","has-post-thumbnail","hentry","category-fotonotas","tag-grid","tag-news","tag-slider"],"_links":{"self":[{"href":"http:\/\/elobservatorio.com.mx\/index.php?rest_route=\/wp\/v2\/posts\/15415"}],"collection":[{"href":"http:\/\/elobservatorio.com.mx\/index.php?rest_route=\/wp\/v2\/posts"}],"about":[{"href":"http:\/\/elobservatorio.com.mx\/index.php?rest_route=\/wp\/v2\/types\/post"}],"author":[{"embeddable":true,"href":"http:\/\/elobservatorio.com.mx\/index.php?rest_route=\/wp\/v2\/users\/2"}],"replies":[{"embeddable":true,"href":"http:\/\/elobservatorio.com.mx\/index.php?rest_route=%2Fwp%2Fv2%2Fcomments&post=15415"}],"version-history":[{"count":0,"href":"http:\/\/elobservatorio.com.mx\/index.php?rest_route=\/wp\/v2\/posts\/15415\/revisions"}],"wp:featuredmedia":[{"embeddable":true,"href":"http:\/\/elobservatorio.com.mx\/index.php?rest_route=\/wp\/v2\/media\/15416"}],"wp:attachment":[{"href":"http:\/\/elobservatorio.com.mx\/index.php?rest_route=%2Fwp%2Fv2%2Fmedia&parent=15415"}],"wp:term":[{"taxonomy":"category","embeddable":true,"href":"http:\/\/elobservatorio.com.mx\/index.php?rest_route=%2Fwp%2Fv2%2Fcategories&post=15415"},{"taxonomy":"post_tag","embeddable":true,"href":"http:\/\/elobservatorio.com.mx\/index.php?rest_route=%2Fwp%2Fv2%2Ftags&post=15415"}],"curies":[{"name":"wp","href":"https:\/\/api.w.org\/{rel}","templated":true}]}}