{"id":1546,"date":"2019-01-10T20:49:10","date_gmt":"2019-01-10T20:49:10","guid":{"rendered":"http:\/\/elobservatorio.com.mx\/regidor-busca-solucion-a-problemas-de-aguas-negras"},"modified":"2019-01-10T20:55:10","modified_gmt":"2019-01-10T20:55:10","slug":"regidor-busca-solucion-a-problemas-de-aguas-negras","status":"publish","type":"post","link":"http:\/\/elobservatorio.com.mx\/?p=1546","title":{"rendered":"Regidor busca soluci\u00f3n a problemas de aguas negras"},"content":{"rendered":"<p>Tecom\u00e1n Col.- Debido a la problem\u00e1tica de aguas negras que se ha presentado en estos d\u00edas en la playa El Real, situaci\u00f3n que genera malos olores por la orilla de la carretera de dicha playa, el <strong>regidor Serapio de Casas<\/strong>, acompa\u00f1ado del director de la Comapat, <strong>Juan Valdivia<\/strong>, acudieron este d\u00eda al lugar para darle soluci\u00f3n a dicho problema.<\/p>\n<p>Los prestadores de servicio, satisfechos por la respuesta inmediata, agradecieron la presencia de las autoridades dado a que se avecina la temporada de semana Santa y con esto se evitar\u00e1 dar una mala imagen.<\/p>\n<figure id=\"attachment_1547\" aria-describedby=\"caption-attachment-1547\" style=\"width: 640px\" class=\"wp-caption aligncenter\"><img loading=\"lazy\" decoding=\"async\" class=\"wp-image-1547 size-large\" src=\"http:\/\/noticiastecoman.com.mx\/wp-content\/uploads\/2019\/01\/DeCasas-768x1024.jpg\" alt=\"\" width=\"640\" height=\"853\" srcset=\"http:\/\/elobservatorio.com.mx\/wp-content\/uploads\/2019\/01\/DeCasas-768x1024.jpg 768w, http:\/\/elobservatorio.com.mx\/wp-content\/uploads\/2019\/01\/DeCasas-225x300.jpg 225w, http:\/\/elobservatorio.com.mx\/wp-content\/uploads\/2019\/01\/DeCasas-600x800.jpg 600w, http:\/\/elobservatorio.com.mx\/wp-content\/uploads\/2019\/01\/DeCasas.jpg 780w\" sizes=\"(max-width: 640px) 100vw, 640px\" \/><figcaption id=\"caption-attachment-1547\" class=\"wp-caption-text\">Regidor Serapio de Casas acude al lugar de la zona afectada por las aguas negras<\/figcaption><\/figure>\n<p>&nbsp;<\/p>\n<p>&nbsp;<\/p>\n<p>&nbsp;<\/p>\n<p>&nbsp;<\/p>\n","protected":false},"excerpt":{"rendered":"<p>Tecom\u00e1n Col.- Debido a la problem\u00e1tica de aguas negras que se ha presentado en estos d\u00edas en la playa El Real, situaci\u00f3n que genera malos olores por la orilla de la carretera de dicha playa, el regidor Serapio de Casas, acompa\u00f1ado del director de la Comapat, Juan Valdivia, acudieron este d\u00eda al lugar para darle&#8230;<\/p>\n","protected":false},"author":2,"featured_media":1547,"comment_status":"open","ping_status":"open","sticky":false,"template":"","format":"standard","meta":{"footnotes":""},"categories":[19],"tags":[29,30,28],"class_list":["post-1546","post","type-post","status-publish","format-standard","has-post-thumbnail","hentry","category-fotonotas","tag-grid","tag-news","tag-slider"],"_links":{"self":[{"href":"http:\/\/elobservatorio.com.mx\/index.php?rest_route=\/wp\/v2\/posts\/1546"}],"collection":[{"href":"http:\/\/elobservatorio.com.mx\/index.php?rest_route=\/wp\/v2\/posts"}],"about":[{"href":"http:\/\/elobservatorio.com.mx\/index.php?rest_route=\/wp\/v2\/types\/post"}],"author":[{"embeddable":true,"href":"http:\/\/elobservatorio.com.mx\/index.php?rest_route=\/wp\/v2\/users\/2"}],"replies":[{"embeddable":true,"href":"http:\/\/elobservatorio.com.mx\/index.php?rest_route=%2Fwp%2Fv2%2Fcomments&post=1546"}],"version-history":[{"count":0,"href":"http:\/\/elobservatorio.com.mx\/index.php?rest_route=\/wp\/v2\/posts\/1546\/revisions"}],"wp:featuredmedia":[{"embeddable":true,"href":"http:\/\/elobservatorio.com.mx\/index.php?rest_route=\/wp\/v2\/media\/1547"}],"wp:attachment":[{"href":"http:\/\/elobservatorio.com.mx\/index.php?rest_route=%2Fwp%2Fv2%2Fmedia&parent=1546"}],"wp:term":[{"taxonomy":"category","embeddable":true,"href":"http:\/\/elobservatorio.com.mx\/index.php?rest_route=%2Fwp%2Fv2%2Fcategories&post=1546"},{"taxonomy":"post_tag","embeddable":true,"href":"http:\/\/elobservatorio.com.mx\/index.php?rest_route=%2Fwp%2Fv2%2Ftags&post=1546"}],"curies":[{"name":"wp","href":"https:\/\/api.w.org\/{rel}","templated":true}]}}