{"id":15578,"date":"2021-03-20T21:03:59","date_gmt":"2021-03-21T03:03:59","guid":{"rendered":"http:\/\/elobservatorio.com.mx\/?p=15578"},"modified":"2021-03-20T21:03:59","modified_gmt":"2021-03-21T03:03:59","slug":"ofrecen-charlas-sobre-procesos-creativos-en-la-danza-y-las-artes-visuales","status":"publish","type":"post","link":"http:\/\/elobservatorio.com.mx\/?p=15578","title":{"rendered":"Ofrecen charlas sobre procesos creativos en la danza y las artes visuales"},"content":{"rendered":"<p><em>*Las charlas fueron <\/em><em>\u201cLa mirada interior: Univerdanza, procesos creativos\u201d y \u201cArte, m\u00e1quinas e inteligencia artificial\u201d.<\/em><\/p>\n<p>Esta semana iniciaron, de manera virtual, las charlas y talleres sobre apreciaci\u00f3n art\u00edstica que la Universidad de Colima, a trav\u00e9s de la Direcci\u00f3n General de Difusi\u00f3n Cultural, ofrece a sus estudiantes como parte de la materia de Actividades Culturales.<\/p>\n<p>En las charlas y talleres -que son grabadas- participan los artistas y docentes Carmen Solorio, Adriana Le\u00f3n, Heliodoro Santos, Blanca Reyes, Juan Franco Rodr\u00edguez, Sandra Uribe y Jos\u00e9 Antonio Frausto Zamora.<\/p>\n<p>Esta semana se dieron a conocer las charlas \u201cLa mirada interior: Univerdanza, procesos creativos\u201d, impartida por Adriana Le\u00f3n y Alejandro Vera, por bailarines, docentes y directores de esa compa\u00f1\u00eda de danza contempor\u00e1nea de la Universidad, as\u00ed como \u201cArte, m\u00e1quinas e inteligencia artificial\u201d, a cargo del artista visual Heliodoro Santos S\u00e1nchez.<\/p>\n<p>En la primera actividad, ante un gran n\u00famero de asistentes virtuales, Adriana Le\u00f3n y Alejandro Vera mostraron c\u00f3mo conciben nuevas obras, movimientos y significados para las coreograf\u00edas de Univerdanza. Hablaron de las largas horas de ensayos para lograr una obra de calidad y compartieron un performance in\u00e9dito y fotograf\u00edas que ilustran c\u00f3mo esta compa\u00f1\u00eda convierte el vest\u00edbulo de un teatro en un espacio de trabajo y experimentaci\u00f3n.<\/p>\n<p>Durante los cuarenta minutos que dur\u00f3 la charla, fue posible ver y escuchar el proceso de creaci\u00f3n, desde la idea, planeaci\u00f3n y organizaci\u00f3n, hasta la realizaci\u00f3n del vestuario, de los textos para la obra y la selecci\u00f3n de la m\u00fasica.<\/p>\n<p>Tambi\u00e9n abordaron el trabajo detr\u00e1s del video \u201cXolal\u201d (Tierra-hogar), que realiz\u00f3 la compa\u00f1\u00eda en 2020, editado por Sandra G\u00f3mez.<\/p>\n<p>Posteriormente, se present\u00f3 \u201cArte, m\u00e1quinas e inteligencia artificial\u201d, con el maestro Heliodoro Santos, reciente ganador del proyecto \u201cE.Co\u201d en el Hackat\u00f3n 2020 que organiz\u00f3 el Fondo Regional para la Cultura y las Artes (FORCA) Centro-Occidente.<\/p>\n<p>En este segundo encuentro virtual, la audiencia conoci\u00f3 la influencia de las nuevas tecnolog\u00edas en la creaci\u00f3n art\u00edstica por medio de proyectos y estudios que involucran a sistemas no humanos dentro del proceso creativo.<\/p>\n<p>Heliodoro Santos proyect\u00f3 una obra de Sterlac, artista de performance austriaco que se insert\u00f3 una oreja sint\u00e9tica en la parte inferior del brazo y el sonido era publicado en tiempo real en una p\u00e1gina de internet, as\u00ed que mientras \u00e9l realizaba sus actividades normales en la vida diaria, hab\u00eda personas en todo el mundo que pod\u00edan escuchar, al mismo tiempo, lo mismo que el artista.<\/p>\n<p>La pr\u00f3xima semana continuar\u00e1 la programaci\u00f3n, el 23 y 25 de marzo, con las charlas \u201cLos Castrati: historia de cantos y barbarie\u201d, a cargo de la maestra Blanca Cilia Reyes Mart\u00ednez, a las 10:30 horas, y posteriormente \u201cLa m\u00fasica y el cuerpo humano\u201d, impartida por el maestro Jos\u00e9 Antonio Frausto Zamora, a las 12:00 horas. El segundo d\u00eda se proyectar\u00e1n ambas charlas en horarios invertidos.<\/p>\n<p>Las y los alumnos pueden inscribirse a esta programaci\u00f3n gratuita descargando su boleto del evento a trav\u00e9s del SICEUC.<\/p>\n<p>&nbsp;<\/p>\n<p>&nbsp;<\/p>\n","protected":false},"excerpt":{"rendered":"<p>*Las charlas fueron \u201cLa mirada interior: Univerdanza, procesos creativos\u201d y \u201cArte, m\u00e1quinas e inteligencia artificial\u201d. Esta semana iniciaron, de manera virtual, las charlas y talleres sobre apreciaci\u00f3n art\u00edstica que la Universidad de Colima, a trav\u00e9s de la Direcci\u00f3n General de Difusi\u00f3n Cultural, ofrece a sus estudiantes como parte de la materia de Actividades Culturales. En&#8230;<\/p>\n","protected":false},"author":2,"featured_media":15579,"comment_status":"open","ping_status":"open","sticky":false,"template":"","format":"standard","meta":{"footnotes":""},"categories":[14],"tags":[29,30,28],"class_list":["post-15578","post","type-post","status-publish","format-standard","has-post-thumbnail","hentry","category-educacion-y-cultura","tag-grid","tag-news","tag-slider"],"_links":{"self":[{"href":"http:\/\/elobservatorio.com.mx\/index.php?rest_route=\/wp\/v2\/posts\/15578"}],"collection":[{"href":"http:\/\/elobservatorio.com.mx\/index.php?rest_route=\/wp\/v2\/posts"}],"about":[{"href":"http:\/\/elobservatorio.com.mx\/index.php?rest_route=\/wp\/v2\/types\/post"}],"author":[{"embeddable":true,"href":"http:\/\/elobservatorio.com.mx\/index.php?rest_route=\/wp\/v2\/users\/2"}],"replies":[{"embeddable":true,"href":"http:\/\/elobservatorio.com.mx\/index.php?rest_route=%2Fwp%2Fv2%2Fcomments&post=15578"}],"version-history":[{"count":0,"href":"http:\/\/elobservatorio.com.mx\/index.php?rest_route=\/wp\/v2\/posts\/15578\/revisions"}],"wp:featuredmedia":[{"embeddable":true,"href":"http:\/\/elobservatorio.com.mx\/index.php?rest_route=\/wp\/v2\/media\/15579"}],"wp:attachment":[{"href":"http:\/\/elobservatorio.com.mx\/index.php?rest_route=%2Fwp%2Fv2%2Fmedia&parent=15578"}],"wp:term":[{"taxonomy":"category","embeddable":true,"href":"http:\/\/elobservatorio.com.mx\/index.php?rest_route=%2Fwp%2Fv2%2Fcategories&post=15578"},{"taxonomy":"post_tag","embeddable":true,"href":"http:\/\/elobservatorio.com.mx\/index.php?rest_route=%2Fwp%2Fv2%2Ftags&post=15578"}],"curies":[{"name":"wp","href":"https:\/\/api.w.org\/{rel}","templated":true}]}}