{"id":1561,"date":"2019-01-10T21:22:54","date_gmt":"2019-01-10T21:22:54","guid":{"rendered":"http:\/\/elobservatorio.com.mx\/comuna-villalvarense-publica-calendario-de-poda-y-descacharrizacion"},"modified":"2019-01-10T21:22:54","modified_gmt":"2019-01-10T21:22:54","slug":"comuna-villalvarense-publica-calendario-de-poda-y-descacharrizacion","status":"publish","type":"post","link":"http:\/\/elobservatorio.com.mx\/?p=1561","title":{"rendered":"Comuna villalvarense publica calendario de poda y descacharrizaci\u00f3n"},"content":{"rendered":"<p><em>*Est\u00e1 en las p\u00e1ginas de Facebook y web \u201cH. Ayuntamiento de Villa de \u00c1lvarez\u201d<\/em><\/p>\n<p>El Calendario de Poda y Descacharrizaci\u00f3n ya se encuentra publicado en las p\u00e1ginas web y de Facebook del Ayuntamiento de Villa de \u00c1lvarez.<\/p>\n<p>El calendario sobre el paso de camiones recolectores de cacharros y ramas est\u00e1 dividido en 16 sectores de la zona urbana, mismos que ser\u00e1n recorridos 6 veces durante el a\u00f1o, por lo que ciudadanos que busquen este servicio deber\u00e1n sacar sus ramas y cacharros desde un d\u00eda antes.<\/p>\n<p>De acuerdo con un comunicado de la Direcci\u00f3n de Comunicaci\u00f3n Social, la informaci\u00f3n sobre Poda y Descacharrizaci\u00f3n ya es p\u00fablica, en estos dos sitios y, en coordinaci\u00f3n con la Direcci\u00f3n de Atenci\u00f3n Ciudadana, se buscar\u00e1\u00a0 ampliar la informaci\u00f3n a los ciudadanos, sobre este servicio, mediante el mecanismo de perifoneo y aviso en tiempo real.<\/p>\n<p><img loading=\"lazy\" decoding=\"async\" class=\"alignnone size-medium wp-image-1562\" src=\"http:\/\/noticiastecoman.com.mx\/wp-content\/uploads\/2019\/01\/Calendario-de-Poda-y-descacharrizaci\u00f3n-2019-137x300.jpg\" alt=\"\" width=\"137\" height=\"300\" srcset=\"http:\/\/elobservatorio.com.mx\/wp-content\/uploads\/2019\/01\/Calendario-de-Poda-y-descacharrizaci\u00f3n-2019-137x300.jpg 137w, http:\/\/elobservatorio.com.mx\/wp-content\/uploads\/2019\/01\/Calendario-de-Poda-y-descacharrizaci\u00f3n-2019.jpg 412w\" sizes=\"(max-width: 137px) 100vw, 137px\" \/><\/p>\n","protected":false},"excerpt":{"rendered":"<p>*Est\u00e1 en las p\u00e1ginas de Facebook y web \u201cH. Ayuntamiento de Villa de \u00c1lvarez\u201d El Calendario de Poda y Descacharrizaci\u00f3n ya se encuentra publicado en las p\u00e1ginas web y de Facebook del Ayuntamiento de Villa de \u00c1lvarez. El calendario sobre el paso de camiones recolectores de cacharros y ramas est\u00e1 dividido en 16 sectores de&#8230;<\/p>\n","protected":false},"author":2,"featured_media":1563,"comment_status":"open","ping_status":"open","sticky":false,"template":"","format":"standard","meta":{"footnotes":""},"categories":[8,42],"tags":[29,30,28],"class_list":["post-1561","post","type-post","status-publish","format-standard","has-post-thumbnail","hentry","category-municipios","category-villa-de-alvarez","tag-grid","tag-news","tag-slider"],"_links":{"self":[{"href":"http:\/\/elobservatorio.com.mx\/index.php?rest_route=\/wp\/v2\/posts\/1561"}],"collection":[{"href":"http:\/\/elobservatorio.com.mx\/index.php?rest_route=\/wp\/v2\/posts"}],"about":[{"href":"http:\/\/elobservatorio.com.mx\/index.php?rest_route=\/wp\/v2\/types\/post"}],"author":[{"embeddable":true,"href":"http:\/\/elobservatorio.com.mx\/index.php?rest_route=\/wp\/v2\/users\/2"}],"replies":[{"embeddable":true,"href":"http:\/\/elobservatorio.com.mx\/index.php?rest_route=%2Fwp%2Fv2%2Fcomments&post=1561"}],"version-history":[{"count":0,"href":"http:\/\/elobservatorio.com.mx\/index.php?rest_route=\/wp\/v2\/posts\/1561\/revisions"}],"wp:featuredmedia":[{"embeddable":true,"href":"http:\/\/elobservatorio.com.mx\/index.php?rest_route=\/wp\/v2\/media\/1563"}],"wp:attachment":[{"href":"http:\/\/elobservatorio.com.mx\/index.php?rest_route=%2Fwp%2Fv2%2Fmedia&parent=1561"}],"wp:term":[{"taxonomy":"category","embeddable":true,"href":"http:\/\/elobservatorio.com.mx\/index.php?rest_route=%2Fwp%2Fv2%2Fcategories&post=1561"},{"taxonomy":"post_tag","embeddable":true,"href":"http:\/\/elobservatorio.com.mx\/index.php?rest_route=%2Fwp%2Fv2%2Ftags&post=1561"}],"curies":[{"name":"wp","href":"https:\/\/api.w.org\/{rel}","templated":true}]}}