{"id":15614,"date":"2021-03-23T21:44:51","date_gmt":"2021-03-24T03:44:51","guid":{"rendered":"http:\/\/elobservatorio.com.mx\/?p=15614"},"modified":"2021-03-23T21:44:51","modified_gmt":"2021-03-24T03:44:51","slug":"fundamental-para-economia-apoyar-pequena-actividad-productiva-mely","status":"publish","type":"post","link":"http:\/\/elobservatorio.com.mx\/?p=15614","title":{"rendered":"Fundamental para econom\u00eda apoyar peque\u00f1a actividad productiva: Mely"},"content":{"rendered":"<p><em>*Sostuvo un encuentro con pescadores, ramaderos y habitantes de Boca de Pascuales, en Tecom\u00e1n<\/em><\/p>\n<p><em>Tecom\u00e1n, Col. 23 de marzo de 2021.- <\/em>La clave para reactivar la econom\u00eda local es apoyar desde el gobierno a la peque\u00f1a actividad productiva y acompa\u00f1arla con asesor\u00edas para que el respaldo brindado tenga resultados favorables, les dijo la candidata de la Coalici\u00f3n \u201cVa por Colima\u201d a la gubernatura, Mely Romero Celis, a ramaderos, pescadores y habitantes del balneario Boca de Pascuales.<\/p>\n<p>Se\u00f1al\u00f3 que con el apoyo a las peque\u00f1as actividades productivas, su gobierno implementar\u00e1 un programa de asesor\u00edas para acompa\u00f1ar esos apoyos, en el que ser\u00e1n incorporados j\u00f3venes egresados de las universidades y educaci\u00f3n tecnol\u00f3gica, a los que tambi\u00e9n se les beneficiar\u00e1 con empleo.<\/p>\n<p>\u00abQuiero crear un gran programa de ayuda a todas las familias que realizan una actividad econ\u00f3mica, la que sea: gallinas en el campo, una est\u00e9tica, una tiendita de abarrotes, una actividad de pesca, de guardavidas, cualquiera que genere un ingreso\u00bb, indic\u00f3 Mely.<\/p>\n<p>Precis\u00f3 que los apoyos a los peque\u00f1os negocios y actividades productivas saldr\u00e1n de un fondo que crear\u00e1 su gobierno, mientras la asesor\u00eda ser\u00e1 de por lo menos tres a\u00f1os, por medio de j\u00f3venes egresados de carreras t\u00e9cnicas y profesionales.<\/p>\n<p>Indic\u00f3 que para concretar esos apoyos su gobierno crear\u00e1 la Direcci\u00f3n de Vinculaci\u00f3n con Tianguis, Mercados y Peque\u00f1os Negocios, que incluir\u00eda a los prestadores de servicios tur\u00edsticos, \u00e1rea que dar\u00e1 seguimiento a los apoyos para garantizar su \u00e9xito.<\/p>\n<p>Los pescadores y promotores tur\u00edsticos externaron su preocupaci\u00f3n por la falta de apoyos, sobre todo en este momento de pandemia, cuando el flujo de turistas pr\u00e1cticamente desapareci\u00f3, adem\u00e1s de que tambi\u00e9n se presentan problemas de contaminaci\u00f3n en el estero, por el vertimiento de aguas negras.<\/p>\n<p>Ante inquietudes de pobladores de Boca de Pascuales, Mely Romero se comprometi\u00f3 a mejorar la infraestructura tur\u00edstica del balneario, apoyar para la creaci\u00f3n de una escuela de surf, construir una planta de tratamiento de aguas residuales de mayor capacidad y promover la reactivaci\u00f3n del fondo de promoci\u00f3n tur\u00edstica.<\/p>\n<p>Previo a este encuentro, Mely Romero acudi\u00f3 a un recorrido casa por casa en las colonia Tuxpan y San Jos\u00e9, en Tecom\u00e1n,\u00a0 en donde comparti\u00f3 informaci\u00f3n a comerciantes sobre su plan de reactivaci\u00f3n econ\u00f3mica y apoyos a todas aquellas personas que realizan una actividad productiva.<\/p>\n","protected":false},"excerpt":{"rendered":"<p>*Sostuvo un encuentro con pescadores, ramaderos y habitantes de Boca de Pascuales, en Tecom\u00e1n Tecom\u00e1n, Col. 23 de marzo de 2021.- La clave para reactivar la econom\u00eda local es apoyar desde el gobierno a la peque\u00f1a actividad productiva y acompa\u00f1arla con asesor\u00edas para que el respaldo brindado tenga resultados favorables, les dijo la candidata de&#8230;<\/p>\n","protected":false},"author":2,"featured_media":15615,"comment_status":"open","ping_status":"open","sticky":false,"template":"","format":"standard","meta":{"footnotes":""},"categories":[52,10],"tags":[29,30,28],"class_list":["post-15614","post","type-post","status-publish","format-standard","has-post-thumbnail","hentry","category-elecciones-2021","category-politica","tag-grid","tag-news","tag-slider"],"_links":{"self":[{"href":"http:\/\/elobservatorio.com.mx\/index.php?rest_route=\/wp\/v2\/posts\/15614"}],"collection":[{"href":"http:\/\/elobservatorio.com.mx\/index.php?rest_route=\/wp\/v2\/posts"}],"about":[{"href":"http:\/\/elobservatorio.com.mx\/index.php?rest_route=\/wp\/v2\/types\/post"}],"author":[{"embeddable":true,"href":"http:\/\/elobservatorio.com.mx\/index.php?rest_route=\/wp\/v2\/users\/2"}],"replies":[{"embeddable":true,"href":"http:\/\/elobservatorio.com.mx\/index.php?rest_route=%2Fwp%2Fv2%2Fcomments&post=15614"}],"version-history":[{"count":0,"href":"http:\/\/elobservatorio.com.mx\/index.php?rest_route=\/wp\/v2\/posts\/15614\/revisions"}],"wp:featuredmedia":[{"embeddable":true,"href":"http:\/\/elobservatorio.com.mx\/index.php?rest_route=\/wp\/v2\/media\/15615"}],"wp:attachment":[{"href":"http:\/\/elobservatorio.com.mx\/index.php?rest_route=%2Fwp%2Fv2%2Fmedia&parent=15614"}],"wp:term":[{"taxonomy":"category","embeddable":true,"href":"http:\/\/elobservatorio.com.mx\/index.php?rest_route=%2Fwp%2Fv2%2Fcategories&post=15614"},{"taxonomy":"post_tag","embeddable":true,"href":"http:\/\/elobservatorio.com.mx\/index.php?rest_route=%2Fwp%2Fv2%2Ftags&post=15614"}],"curies":[{"name":"wp","href":"https:\/\/api.w.org\/{rel}","templated":true}]}}