{"id":15669,"date":"2021-03-25T15:00:22","date_gmt":"2021-03-25T21:00:22","guid":{"rendered":"http:\/\/elobservatorio.com.mx\/?p=15669"},"modified":"2021-03-25T15:00:22","modified_gmt":"2021-03-25T21:00:22","slug":"arranca-en-tecoman-plan-operativo-desde-el-28-de-marzo-hasta-el-11-de-abril-por-semana-santa","status":"publish","type":"post","link":"http:\/\/elobservatorio.com.mx\/?p=15669","title":{"rendered":"Arranca en Tecom\u00e1n plan operativo desde el 28 de marzo hasta el 11 de abril, por Semana Santa"},"content":{"rendered":"<p>Con la finalidad de informar a la poblaci\u00f3n en general, que en el municipio de Tecom\u00e1n, se estar\u00e1n reforzando los protocolos de salud durante la ya pr\u00f3xima Semana Santa y Pascua; elementos de la Unidad Municipal de Protecci\u00f3n Civil (UMPC), de la Direcci\u00f3n General de Seguridad P\u00fablica y Polic\u00eda Vial(DGSPyPV) y de la direcci\u00f3n de Reglamentos y Apremios, encabezaron esta ma\u00f1ana, una rueda de prensa, para dar a conocer el Plan Operativo &#8211; Preventivo a aplicarse del 28 de marzo y hasta el 11 de abril.<\/p>\n<p>En este sentido, de Protecci\u00f3n Civil se dijo que no se ha bajado la guardia con el tema del COVID-19, por lo que se mantienen todas las medidas sanitarias al respecto, sin embargo, se espera una afluencia de visitantes, sobre todo, a los restaurantes de playa, para lo cual se han estado haciendo reuniones con los enramaderos a quienes se les ha pedido reforzar los protocolos sanitarios para evitar cualquier forma de propagaci\u00f3n de contagio.<\/p>\n<p>De igual forma, se dijo, que ha habido reuniones con autoridades como la SEDENA, la DGSPyPV, el 88 Batall\u00f3n de Infanter\u00eda, la Guardia Nacional, Cruz Roja y Bomberos para coordinar acciones en la implementaci\u00f3n de los operativos.<\/p>\n<p>En lo que respecta a los filtros que se estar\u00e1n colocando en los ingresos a las playas, por parte de Seguridad P\u00fablica del municipio se dijo, que del domingo 28 y hasta el 11 de abril de manera coordinada con la direcci\u00f3n de vialidad, por parte de seguridad p\u00fablica se dispondr\u00e1 de 6 unidades y 36 elementos y de vialidad 3 unidades y 5 elementos las 24 horas durante todo el periodo vacacional.<\/p>\n<p>En los puestos de mando, se refiri\u00f3, que se estar\u00e1 brindando informaci\u00f3n a las personas que arriben a las playas, sobre todo a los turistas, con un puesto de mando en donde estar\u00e1 personal de los tres \u00f3rdenes de gobierno y una coordinaci\u00f3n interinstitucional.<\/p>\n<p>En Boca de Pascuales, estar\u00e1 un puesto de control con elementos de Seguridad P\u00fablica y Protecci\u00f3n Civil, una unidad de polic\u00eda vial y se har\u00e1n constantes recorridos en el balneario; al igual en El Real en donde estar\u00e1n elementos de ambas direcciones y una cuatrimoto que estar\u00e1 haciendo recorridos en la zona de playa, de El Real, Pascuales y parte del Malec\u00f3n; estar\u00e1 otro puesto de control en Tecuanillo y una unidad en Boca de Apiza.<\/p>\n<p>Tambi\u00e9n estar\u00e1n disponibles, dos personas de la DGSPyPV para apoyo mec\u00e1nico, haciendo recorridos por las playas y auxiliar a las personas en caso de que se requieran; sobre los operativos carrusel se dijo que se har\u00e1n de manera continua por la tarde noche para evitar que se exceda la velocidad y cualquier accidente que se pueda presentar.<\/p>\n<p>De Reglamentos y Apremios, se destac\u00f3 la coordinaci\u00f3n con las autoridades y el estricto apego a los protocolos sanitarios, con la colaboraci\u00f3n de zona federal y los empresarios restauranteros de la zona de playa, que est\u00e1n sumando esfuerzos con el municipio, para acatar el tema de las medidas sanitarias y con una vigilancia permanente en la zona de playa, por cualquier cosa que pudiera surgir en torno a los comercios y comercio informal.<\/p>\n<p>Sobre los guardavidas, se dijo finalmente, que se aprob\u00f3 la contrataci\u00f3n de 7 guardavidas adicionales a los 8 que se tienen de manera permanente en las playas, aunque, destacaron que est\u00e1n a la espera de que se emita un decreto por parte de Gobierno del Estado en donde se especifique, si se va a permitir la presencia de ba\u00f1istas, ya que por la contingencia sanitaria las playas permanecen cerradas, pero como municipio, no se puede dejar descuidada esa \u00e1rea.<\/p>\n","protected":false},"excerpt":{"rendered":"<p>Con la finalidad de informar a la poblaci\u00f3n en general, que en el municipio de Tecom\u00e1n, se estar\u00e1n reforzando los protocolos de salud durante la ya pr\u00f3xima Semana Santa y Pascua; elementos de la Unidad Municipal de Protecci\u00f3n Civil (UMPC), de la Direcci\u00f3n General de Seguridad P\u00fablica y Polic\u00eda Vial(DGSPyPV) y de la direcci\u00f3n de&#8230;<\/p>\n","protected":false},"author":2,"featured_media":15670,"comment_status":"open","ping_status":"open","sticky":false,"template":"","format":"standard","meta":{"footnotes":""},"categories":[8,34],"tags":[29,30,28],"class_list":["post-15669","post","type-post","status-publish","format-standard","has-post-thumbnail","hentry","category-municipios","category-tecoman","tag-grid","tag-news","tag-slider"],"_links":{"self":[{"href":"http:\/\/elobservatorio.com.mx\/index.php?rest_route=\/wp\/v2\/posts\/15669"}],"collection":[{"href":"http:\/\/elobservatorio.com.mx\/index.php?rest_route=\/wp\/v2\/posts"}],"about":[{"href":"http:\/\/elobservatorio.com.mx\/index.php?rest_route=\/wp\/v2\/types\/post"}],"author":[{"embeddable":true,"href":"http:\/\/elobservatorio.com.mx\/index.php?rest_route=\/wp\/v2\/users\/2"}],"replies":[{"embeddable":true,"href":"http:\/\/elobservatorio.com.mx\/index.php?rest_route=%2Fwp%2Fv2%2Fcomments&post=15669"}],"version-history":[{"count":0,"href":"http:\/\/elobservatorio.com.mx\/index.php?rest_route=\/wp\/v2\/posts\/15669\/revisions"}],"wp:featuredmedia":[{"embeddable":true,"href":"http:\/\/elobservatorio.com.mx\/index.php?rest_route=\/wp\/v2\/media\/15670"}],"wp:attachment":[{"href":"http:\/\/elobservatorio.com.mx\/index.php?rest_route=%2Fwp%2Fv2%2Fmedia&parent=15669"}],"wp:term":[{"taxonomy":"category","embeddable":true,"href":"http:\/\/elobservatorio.com.mx\/index.php?rest_route=%2Fwp%2Fv2%2Fcategories&post=15669"},{"taxonomy":"post_tag","embeddable":true,"href":"http:\/\/elobservatorio.com.mx\/index.php?rest_route=%2Fwp%2Fv2%2Ftags&post=15669"}],"curies":[{"name":"wp","href":"https:\/\/api.w.org\/{rel}","templated":true}]}}