{"id":15681,"date":"2021-03-26T16:05:21","date_gmt":"2021-03-26T22:05:21","guid":{"rendered":"http:\/\/elobservatorio.com.mx\/?p=15681"},"modified":"2021-03-26T16:15:30","modified_gmt":"2021-03-26T22:15:30","slug":"si-gana-locho-insua-iria-a-finanzas-y-martin-flores-secretario-general-de-gobierno-analista","status":"publish","type":"post","link":"http:\/\/elobservatorio.com.mx\/?p=15681","title":{"rendered":"Si gana Locho, Ins\u00faa ir\u00eda a Finanzas y Mart\u00edn Flores, Secretario General de Gobierno: analista"},"content":{"rendered":"<p><em>*En el programa #ConTodo, Juan Carlos Avalos, director de Hermes Revista Digital y analista pol\u00edtico, coment\u00f3 que Locho Mor\u00e1n era como el tercero en discordia pero empez\u00f3 a cometer errores que lo sacan de las preferencias al ubicarse como \u00abm\u00e1s de lo mismo\u00bb.\u00a0<\/em><\/p>\n<p>Belisario Romero | El Observatorio<\/p>\n<p>Colima Col.- Si Locho gana la contienda, veremos a un H\u00e9ctor Ins\u00faa en Finanzas y a un Mart\u00edn Flores Casta\u00f1eda como Secretario General de Gobierno, pues son personas que no van por el intereses del pueblo, van por intereses personales y de negocios, as\u00ed lo declar\u00f3, <strong>Juan Carlos Avalos Garc\u00eda<\/strong>, analista pol\u00edtico y director de la Revista Hermes Digital.<\/p>\n<p>En visita al programa #ConTodo, que se transmite todos los jueves a trav\u00e9s de la fanpage El Observatorio Noticias, Avalos Garc\u00eda mencion\u00f3 que&#8230;Son dos candidatos que vende la imagen de no traer lazos con el PRI que no huela a nada del PRI..Dijiste uno&#8230;Locho.<\/p>\n<p><strong>Belisario Romero:<\/strong> <em>Pero(Locho) ya est\u00e1 apestando a PRI, con la suma de Mart\u00edn Flores Casta\u00f1eda<\/em><\/p>\n<p><strong>Juan Carlos Avalos<\/strong>: \u00ab<strong>Tambi\u00e9n Ins\u00faa, que ya se le sum\u00f3&#8230;entonces qu\u00e9 le queda al electorado, le queda <em>Claudia Ya\u00f1ez.<\/em><\/strong><\/p>\n<p>Belisario Romero: ..Andale, exactamente, al final del proceso puede ser ese su discurso, ahorita ya llevan tres semanas de campa\u00f1a, y hasta el momento hay mucha confusi\u00f3n, mucha gente indecisa,\u00a0 pero al ir finalizando me imagino que (Claudia Ya\u00f1ez) tendr\u00eda que salir a decirle a la gente, a los colimenses, a las mujeres, a los jovenes, somos la unica opci\u00f3n que no tenemos en nuestras filas a lo peor de MORENA, lo que apesta en MORENA,\u00a0 ni\u00a0 tampoco al PRI\u00a0 ni al PAN, somo la unica opci\u00f3n limpia y,\u00a0 debemanejar ese discurso<\/p>\n<p>Juan Carlos Avalos: claro que ese discurso va a funcionar en el entendido de que Fuerza por M\u00e9xico como partido nuevo se est\u00e1 abriendo a una nueva opci\u00f3n de la gente, se est\u00e1 abriendo a las caras nuevas porque una de las resistencias de la gente en el electorado es en la boca siempre !otra vez los mismos, que no se hartan de robar!&#8230;.A ver todos estos partidos ya se juntaron pero son los mismos de siempre y ac\u00e1, bueno, otorgale el beneficio de la duda a la gente que puede llegar con nuevas propuestas con nuevas formas de trabajo y sobretodo abanderando la carta que pisote\u00f3 MORENA&#8230;.\u00bb<\/p>\n<p>Belisario Romero: A mi punto de vista Locho ven\u00eda bien, era el tercero en discordia, es de otro partido, no tiene compromisos con el pero se contamin\u00f3 de lo que la gente repudia, de la misma pudrici\u00f3n, del mismo lastre del PRI.<\/p>\n<p>Juan Carlos Avalos: La gente tiene memoria, el pueblo tiene memoria, la gente recuerda que Locho fingi\u00f3 un pleito con Mart\u00edn Flores, que fingi\u00f3 un pleito con H\u00e9ctor Ins\u00faa, le dijo mantenido, holgaz\u00e1n porque nom\u00e1s cobraba como regidor, desde que entr\u00f3 al cabildo se fue a vivir a Estados Unidos. Si gana Locho seguramente Mart\u00edn Flores ser\u00eda el secretario general de gobierno, y seguramente H\u00e9ctor Ins\u00faa estar\u00eda en Finanzas, j\u00faralo, j\u00faralo, eso suceder\u00eda, porque no van por otra cosa, van a donde est\u00e1 el dinero, el poder, no les interesa el pueblo\u00bb<\/p>\n<p>Vea el programa completo en el siguiente link<\/p>\n<p>https:\/\/web.facebook.com\/NoticiasTecoman\/videos\/2847927668779396<\/p>\n<p>&nbsp;<\/p>\n<p>&nbsp;<\/p>\n<p>&nbsp;<\/p>\n<p>&nbsp;<\/p>\n","protected":false},"excerpt":{"rendered":"<p>*En el programa #ConTodo, Juan Carlos Avalos, director de Hermes Revista Digital y analista pol\u00edtico, coment\u00f3 que Locho Mor\u00e1n era como el tercero en discordia pero empez\u00f3 a cometer errores que lo sacan de las preferencias al ubicarse como \u00abm\u00e1s de lo mismo\u00bb.\u00a0 Belisario Romero | El Observatorio Colima Col.- Si Locho gana la contienda,&#8230;<\/p>\n","protected":false},"author":2,"featured_media":15682,"comment_status":"open","ping_status":"open","sticky":false,"template":"","format":"standard","meta":{"footnotes":""},"categories":[52,10],"tags":[29,30,28],"class_list":["post-15681","post","type-post","status-publish","format-standard","has-post-thumbnail","hentry","category-elecciones-2021","category-politica","tag-grid","tag-news","tag-slider"],"_links":{"self":[{"href":"http:\/\/elobservatorio.com.mx\/index.php?rest_route=\/wp\/v2\/posts\/15681"}],"collection":[{"href":"http:\/\/elobservatorio.com.mx\/index.php?rest_route=\/wp\/v2\/posts"}],"about":[{"href":"http:\/\/elobservatorio.com.mx\/index.php?rest_route=\/wp\/v2\/types\/post"}],"author":[{"embeddable":true,"href":"http:\/\/elobservatorio.com.mx\/index.php?rest_route=\/wp\/v2\/users\/2"}],"replies":[{"embeddable":true,"href":"http:\/\/elobservatorio.com.mx\/index.php?rest_route=%2Fwp%2Fv2%2Fcomments&post=15681"}],"version-history":[{"count":0,"href":"http:\/\/elobservatorio.com.mx\/index.php?rest_route=\/wp\/v2\/posts\/15681\/revisions"}],"wp:featuredmedia":[{"embeddable":true,"href":"http:\/\/elobservatorio.com.mx\/index.php?rest_route=\/wp\/v2\/media\/15682"}],"wp:attachment":[{"href":"http:\/\/elobservatorio.com.mx\/index.php?rest_route=%2Fwp%2Fv2%2Fmedia&parent=15681"}],"wp:term":[{"taxonomy":"category","embeddable":true,"href":"http:\/\/elobservatorio.com.mx\/index.php?rest_route=%2Fwp%2Fv2%2Fcategories&post=15681"},{"taxonomy":"post_tag","embeddable":true,"href":"http:\/\/elobservatorio.com.mx\/index.php?rest_route=%2Fwp%2Fv2%2Ftags&post=15681"}],"curies":[{"name":"wp","href":"https:\/\/api.w.org\/{rel}","templated":true}]}}