{"id":15695,"date":"2021-03-26T20:27:28","date_gmt":"2021-03-27T02:27:28","guid":{"rendered":"http:\/\/elobservatorio.com.mx\/?p=15695"},"modified":"2021-03-26T20:27:28","modified_gmt":"2021-03-27T02:27:28","slug":"firma-convenio-udec-para-tener-en-comodato-obra-del-artista-europeo-jan-flameng","status":"publish","type":"post","link":"http:\/\/elobservatorio.com.mx\/?p=15695","title":{"rendered":"Firma convenio UdeC para tener en comodato obra del artista europeo Jan Flameng"},"content":{"rendered":"<p><em>*La Universidad recibe la obra de Jan Flameng con agradecimiento, pero tambi\u00e9n con mucha responsabilidad, para conservarla, preservarla y difundirla entre la sociedad de Colima y de M\u00e9xico\u201d: Christian Torres Ortiz.<\/em><\/p>\n<p>El rector de la Universidad de Colima, Christian Jorge Torres Ortiz Zerme\u00f1o y el ingeniero Ren\u00e9 Flameng firmaron, este jueves por la noche, un convenio de comodato a trav\u00e9s del cual se hace la entrega de 388 obras del artista belga Jan Flaming a esta Casa de Estudios para su custodia y conservaci\u00f3n, y tambi\u00e9n inauguraron la exposici\u00f3n \u201cPanoramas de Jan Flameng\u201d, integrada por una selecci\u00f3n del acervo donado, que pone de manifiesto las t\u00e9cnicas y formas en que el pintor europeo explor\u00f3 el paisaje y el retrato.<\/p>\n<p>El evento tuvo lugar en la Pinacoteca Universitaria, donde luego de cortar el list\u00f3n inaugural, Ren\u00e9 Flaming se\u00f1al\u00f3 que era un gran honor para \u00e9l y su familia ceder las obras de sus padre \u201ca una instituci\u00f3n tan importante como la Universidad de Colima, quien la cuidar\u00e1 para que se preserve muchos a\u00f1os m\u00e1s\u201d. Adem\u00e1s, agradeci\u00f3 al ex rector Carlos Salazar por mostrarle el camino para que esta obra llegue a la Universidad; \u201cellos la estar\u00e1n guardando y se encargar\u00e1n de hacer exposiciones. Es un d\u00eda muy feliz para m\u00ed\u201d.<\/p>\n<p>En su mensaje, Christian Torrez Ortiz se\u00f1al\u00f3 que la Universidad es distinguida por el ingeniero Ren\u00e9 Flameng, \u201cal depositar en la instituci\u00f3n una colecci\u00f3n tan preciada por \u00e9l como por la historia del arte universal del siglo XX. Jan Flameng fue un prol\u00edfico artista pl\u00e1stico y visual, adem\u00e1s de un destacado restaurador de edificios sacros en los Kempen, entre Alemania y Pa\u00edses Bajos, que representa una de las \u00faltimas figuras del arte abstracto y del neo expresionismo europeo. Su extensa obra se encuentra en diversas colecciones privadas, galer\u00edas y museos de Europa Central, de Estados Unidos de Norteam\u00e9rica y de Asia, y sus piezas suelen aparecer, con cierta regularidad, en subastas de arte durante el a\u00f1o\u201d.<\/p>\n<p>La Universidad, dijo, \u201crecibe la obra de Jan Flameng con agradecimiento, pero tambi\u00e9n con mucha responsabilidad, para conservarla, preservarla y difundirla entre la sociedad de Colima y de M\u00e9xico\u201d, por lo que solicit\u00f3 a la Direcci\u00f3n General de Patrimonio Cultural que, en conjunto con la Coordinaci\u00f3n General de Extensi\u00f3n, desarrollen un programa de actividades de difusi\u00f3n que permitan sensibilizar a la comunidad universitaria y a la sociedad en general, sobre el gran valor art\u00edstico y cultural que posee la obra de Jan Flameng.<\/p>\n<p>Despu\u00e9s de la firma del convenio y la inauguraci\u00f3n, el rector y el hijo de Jan Flameng dieron un recorrido por la obra expuesta guiados por la curadora Tita Ochoa.<\/p>\n<p>Una vez finalizado el evento, el ex rector Carlos Salazar habl\u00f3 de c\u00f3mo fue que Ren\u00e9 Flameng decidi\u00f3 entregar las obras de su padre a la instituci\u00f3n; \u201cme dijo que esta obra tiene que quedar en un lugar que la sepa apreciar, cuidar y difundir. Pens\u00e9 que ser\u00eda otra instituci\u00f3n, pero no, eligi\u00f3 la UdeC; no lo tuve que convencer\u201d.<\/p>\n<p>En la firma del convenio y la inauguraci\u00f3n estuvieron tambi\u00e9n Carlos Ram\u00edrez, coordinador general de Extensi\u00f3n y Carlos Hern\u00e1ndez, director general de Patrimonio Cultural, as\u00ed como varios funcionarios de la Universidad de Colima.<\/p>\n<p>Por el momento se est\u00e1n explorando las posibilidades de abrir la exposici\u00f3n a grupos muy limitados de asistentes, cuidando en todo momento las medidas sanitarias<\/p>\n<p>&nbsp;<\/p>\n<p>&nbsp;<\/p>\n<p>&nbsp;<\/p>\n<p>&nbsp;<\/p>\n<p>&nbsp;<\/p>\n<p>&nbsp;<\/p>\n<p>&nbsp;<\/p>\n<p>&nbsp;<\/p>\n","protected":false},"excerpt":{"rendered":"<p>*La Universidad recibe la obra de Jan Flameng con agradecimiento, pero tambi\u00e9n con mucha responsabilidad, para conservarla, preservarla y difundirla entre la sociedad de Colima y de M\u00e9xico\u201d: Christian Torres Ortiz. El rector de la Universidad de Colima, Christian Jorge Torres Ortiz Zerme\u00f1o y el ingeniero Ren\u00e9 Flameng firmaron, este jueves por la noche, un&#8230;<\/p>\n","protected":false},"author":2,"featured_media":15696,"comment_status":"open","ping_status":"open","sticky":false,"template":"","format":"standard","meta":{"footnotes":""},"categories":[14],"tags":[29,30,28],"class_list":["post-15695","post","type-post","status-publish","format-standard","has-post-thumbnail","hentry","category-educacion-y-cultura","tag-grid","tag-news","tag-slider"],"_links":{"self":[{"href":"http:\/\/elobservatorio.com.mx\/index.php?rest_route=\/wp\/v2\/posts\/15695"}],"collection":[{"href":"http:\/\/elobservatorio.com.mx\/index.php?rest_route=\/wp\/v2\/posts"}],"about":[{"href":"http:\/\/elobservatorio.com.mx\/index.php?rest_route=\/wp\/v2\/types\/post"}],"author":[{"embeddable":true,"href":"http:\/\/elobservatorio.com.mx\/index.php?rest_route=\/wp\/v2\/users\/2"}],"replies":[{"embeddable":true,"href":"http:\/\/elobservatorio.com.mx\/index.php?rest_route=%2Fwp%2Fv2%2Fcomments&post=15695"}],"version-history":[{"count":0,"href":"http:\/\/elobservatorio.com.mx\/index.php?rest_route=\/wp\/v2\/posts\/15695\/revisions"}],"wp:featuredmedia":[{"embeddable":true,"href":"http:\/\/elobservatorio.com.mx\/index.php?rest_route=\/wp\/v2\/media\/15696"}],"wp:attachment":[{"href":"http:\/\/elobservatorio.com.mx\/index.php?rest_route=%2Fwp%2Fv2%2Fmedia&parent=15695"}],"wp:term":[{"taxonomy":"category","embeddable":true,"href":"http:\/\/elobservatorio.com.mx\/index.php?rest_route=%2Fwp%2Fv2%2Fcategories&post=15695"},{"taxonomy":"post_tag","embeddable":true,"href":"http:\/\/elobservatorio.com.mx\/index.php?rest_route=%2Fwp%2Fv2%2Ftags&post=15695"}],"curies":[{"name":"wp","href":"https:\/\/api.w.org\/{rel}","templated":true}]}}