{"id":15735,"date":"2021-03-29T19:57:00","date_gmt":"2021-03-30T01:57:00","guid":{"rendered":"http:\/\/elobservatorio.com.mx\/?p=15735"},"modified":"2021-03-29T19:57:00","modified_gmt":"2021-03-30T01:57:00","slug":"gobierno-del-estado-recomienda-activacion-fisica-en-espacios-abiertos","status":"publish","type":"post","link":"http:\/\/elobservatorio.com.mx\/?p=15735","title":{"rendered":"Gobierno del Estado recomienda activaci\u00f3n f\u00edsica en espacios abiertos"},"content":{"rendered":"<p class=\"x_MsoNormal\"><em>*La Campana y la Unidad Morelos estar\u00e1n abiertos durante el periodo vacacional<\/em><\/p>\n<p class=\"x_MsoNormal\">El Instituto Colimense del Deporte (Incode) del Gobierno del Estado recomienda que se realice activaci\u00f3n f\u00edsica de forma permanente, preferentemente en espacios abiertos.<\/p>\n<p class=\"x_MsoNormal\">Durante el periodo vacacional de las semanas Santa y Pascua, el Parque Ecol\u00f3gico La Campana y la Unidad Deportiva Morelos permanecer\u00e1n abiertos al p\u00fablico en d\u00edas y horario habitual; cerr\u00e1ndose el Complejo Galv\u00e1n y la Unidad Deportiva Sur.<\/p>\n<p class=\"x_MsoNormal\">En la semana Santa, el Parque Ecol\u00f3gico La Campana, se abrir\u00e1 de lunes a s\u00e1bado con horario de 7:00 a 11:00 y de 16:00 a 19:00 horas y, los domingos de 7:00 a 11:00 horas.<\/p>\n<p class=\"x_MsoNormal\">Por su parte, la Unidad Deportiva Morelos, se abrir\u00e1 de lunes a viernes de 7:00 a 11:00 horas y de 16:00 a 20:00 horas; en semana de Pascua, se abrir\u00e1n todos los espacios deportivos.<\/p>\n<p class=\"x_MsoNormal\">Cabe destacar que en el horario de verano, -el cual iniciar\u00e1 el domingo 4 de abril-, a partir del lunes 5, el Parque Ecol\u00f3gico La Campana, la Unidad Deportiva Sur y Complejo Galv\u00e1n, se cerrar\u00e1n a las 20:00 horas; mientras que la Unidad Deportiva Morelos, a las 21:00 horas. Estos horarios estar\u00e1n vigentes hasta el 31 de octubre de 2021.<\/p>\n<p class=\"x_MsoNormal\">Por \u00faltimo, se informa que para ingresar a estos espacios se continua\u00e1 utilizando el protocolo contra el Covid-19, que incluye el uso obligatorio del cubrebocas, la aplicaci\u00f3n de gel antibacterial, mantener la sana distancia y tomarse la temperatura antes de ingresar a las instalaciones.<\/p>\n","protected":false},"excerpt":{"rendered":"<p>*La Campana y la Unidad Morelos estar\u00e1n abiertos durante el periodo vacacional El Instituto Colimense del Deporte (Incode) del Gobierno del Estado recomienda que se realice activaci\u00f3n f\u00edsica de forma permanente, preferentemente en espacios abiertos. Durante el periodo vacacional de las semanas Santa y Pascua, el Parque Ecol\u00f3gico La Campana y la Unidad Deportiva Morelos&#8230;<\/p>\n","protected":false},"author":2,"featured_media":15736,"comment_status":"open","ping_status":"open","sticky":false,"template":"","format":"standard","meta":{"footnotes":""},"categories":[21],"tags":[29,30,28],"class_list":["post-15735","post","type-post","status-publish","format-standard","has-post-thumbnail","hentry","category-deportes","tag-grid","tag-news","tag-slider"],"_links":{"self":[{"href":"http:\/\/elobservatorio.com.mx\/index.php?rest_route=\/wp\/v2\/posts\/15735"}],"collection":[{"href":"http:\/\/elobservatorio.com.mx\/index.php?rest_route=\/wp\/v2\/posts"}],"about":[{"href":"http:\/\/elobservatorio.com.mx\/index.php?rest_route=\/wp\/v2\/types\/post"}],"author":[{"embeddable":true,"href":"http:\/\/elobservatorio.com.mx\/index.php?rest_route=\/wp\/v2\/users\/2"}],"replies":[{"embeddable":true,"href":"http:\/\/elobservatorio.com.mx\/index.php?rest_route=%2Fwp%2Fv2%2Fcomments&post=15735"}],"version-history":[{"count":0,"href":"http:\/\/elobservatorio.com.mx\/index.php?rest_route=\/wp\/v2\/posts\/15735\/revisions"}],"wp:featuredmedia":[{"embeddable":true,"href":"http:\/\/elobservatorio.com.mx\/index.php?rest_route=\/wp\/v2\/media\/15736"}],"wp:attachment":[{"href":"http:\/\/elobservatorio.com.mx\/index.php?rest_route=%2Fwp%2Fv2%2Fmedia&parent=15735"}],"wp:term":[{"taxonomy":"category","embeddable":true,"href":"http:\/\/elobservatorio.com.mx\/index.php?rest_route=%2Fwp%2Fv2%2Fcategories&post=15735"},{"taxonomy":"post_tag","embeddable":true,"href":"http:\/\/elobservatorio.com.mx\/index.php?rest_route=%2Fwp%2Fv2%2Ftags&post=15735"}],"curies":[{"name":"wp","href":"https:\/\/api.w.org\/{rel}","templated":true}]}}