{"id":15738,"date":"2021-03-29T20:08:11","date_gmt":"2021-03-30T02:08:11","guid":{"rendered":"http:\/\/elobservatorio.com.mx\/?p=15738"},"modified":"2021-03-29T20:08:11","modified_gmt":"2021-03-30T02:08:11","slug":"difunden-avances-sobre-el-internet-de-la-cosas","status":"publish","type":"post","link":"http:\/\/elobservatorio.com.mx\/?p=15738","title":{"rendered":"Difunden avances sobre el Internet de la Cosas"},"content":{"rendered":"<p><em>*La Facultad de Telem\u00e1tica, para celebrar sus 25 a\u00f1os de vida, organiz\u00f3 el ciclo de videoconferencias \u201cEl internet de las cosas y su impacto en la educaci\u00f3n\u201d.<\/em><\/p>\n<p>Como parte de los festejos por su 25 aniversario, la Facultad de Telem\u00e1tica de la Universidad de Colima organiz\u00f3 el ciclo de videoconferencias \u201cEl internet de las cosas y su impacto en la educaci\u00f3n\u201d, que se estar\u00e1 realizando de manera virtual todos los martes a las 19:00 horas, entre el 16 de marzo y el 25 de mayo. Este ciclo tambi\u00e9n tiene como fin dar a conocer los avances en la generaci\u00f3n y difusi\u00f3n del conocimiento por parte de las y los profesores investigadores del plantel.<\/p>\n<p>El internet de las cosas o (IoT, por sus siglas en ingl\u00e9s) es una tecnolog\u00eda que avanza a pasos agigantados en el mundo. Se trata de sensores, de actuadores (equipos que mueven o act\u00faan sobre otros dispositivos) y unidades de procesamiento que, conectados a la internet, pueden generar la virtualizaci\u00f3n de ambientes en \u00e1reas como la salud, el transporte, las ciudades, los hogares y sobre todo la educaci\u00f3n.<\/p>\n<p>La siguiente videoconferencia ser\u00e1 el pr\u00f3ximo 13 de abril y estar\u00e1 a cargo del Dr. Omar \u00c1lvarez C\u00e1rdenas, quien hablar\u00e1 del \u201cInternet de las cosas para incrementar la eficiencia de las operaciones en las escuelas y universidades\u201d.<\/p>\n<p>Despu\u00e9s, el 20 de abril, el Mtro. Pedro C\u00e9sar Santana Mancilla abordar\u00e1 el tema \u201cEl futuro del aprendizaje y la integraci\u00f3n de la tecnolog\u00eda en el aula\u201d, y el 27 de abril, el Dr. Pedro Dami\u00e1n Reyes hablar\u00e1 \u201cDe la ciudad inteligente al campus inteligente: Un primer paso hacia el internet de las cosas\u201d.<\/p>\n<p>&nbsp;<\/p>\n","protected":false},"excerpt":{"rendered":"<p>*La Facultad de Telem\u00e1tica, para celebrar sus 25 a\u00f1os de vida, organiz\u00f3 el ciclo de videoconferencias \u201cEl internet de las cosas y su impacto en la educaci\u00f3n\u201d. Como parte de los festejos por su 25 aniversario, la Facultad de Telem\u00e1tica de la Universidad de Colima organiz\u00f3 el ciclo de videoconferencias \u201cEl internet de las cosas&#8230;<\/p>\n","protected":false},"author":2,"featured_media":15739,"comment_status":"open","ping_status":"open","sticky":false,"template":"","format":"standard","meta":{"footnotes":""},"categories":[14],"tags":[29,30,28],"class_list":["post-15738","post","type-post","status-publish","format-standard","has-post-thumbnail","hentry","category-educacion-y-cultura","tag-grid","tag-news","tag-slider"],"_links":{"self":[{"href":"http:\/\/elobservatorio.com.mx\/index.php?rest_route=\/wp\/v2\/posts\/15738"}],"collection":[{"href":"http:\/\/elobservatorio.com.mx\/index.php?rest_route=\/wp\/v2\/posts"}],"about":[{"href":"http:\/\/elobservatorio.com.mx\/index.php?rest_route=\/wp\/v2\/types\/post"}],"author":[{"embeddable":true,"href":"http:\/\/elobservatorio.com.mx\/index.php?rest_route=\/wp\/v2\/users\/2"}],"replies":[{"embeddable":true,"href":"http:\/\/elobservatorio.com.mx\/index.php?rest_route=%2Fwp%2Fv2%2Fcomments&post=15738"}],"version-history":[{"count":0,"href":"http:\/\/elobservatorio.com.mx\/index.php?rest_route=\/wp\/v2\/posts\/15738\/revisions"}],"wp:featuredmedia":[{"embeddable":true,"href":"http:\/\/elobservatorio.com.mx\/index.php?rest_route=\/wp\/v2\/media\/15739"}],"wp:attachment":[{"href":"http:\/\/elobservatorio.com.mx\/index.php?rest_route=%2Fwp%2Fv2%2Fmedia&parent=15738"}],"wp:term":[{"taxonomy":"category","embeddable":true,"href":"http:\/\/elobservatorio.com.mx\/index.php?rest_route=%2Fwp%2Fv2%2Fcategories&post=15738"},{"taxonomy":"post_tag","embeddable":true,"href":"http:\/\/elobservatorio.com.mx\/index.php?rest_route=%2Fwp%2Fv2%2Ftags&post=15738"}],"curies":[{"name":"wp","href":"https:\/\/api.w.org\/{rel}","templated":true}]}}