{"id":15741,"date":"2021-03-29T20:19:35","date_gmt":"2021-03-30T02:19:35","guid":{"rendered":"http:\/\/elobservatorio.com.mx\/?p=15741"},"modified":"2021-03-29T20:19:35","modified_gmt":"2021-03-30T02:19:35","slug":"debaten-sobre-salud-mental-de-mujeres-en-tiempos-de-pandemia","status":"publish","type":"post","link":"http:\/\/elobservatorio.com.mx\/?p=15741","title":{"rendered":"Debaten sobre salud mental de mujeres en tiempos de pandemia"},"content":{"rendered":"<p><em>*Aseguran que la contingencia sanitaria ha impactado de modo distinto en hombres y mujeres.<\/em><\/p>\n<p>Como parte de las actividades del programa de Salud Mental de la Universidad de Colima, hace unos d\u00edas se realiz\u00f3 la mesa virtual \u201cSalud mental de la mujer en tiempos de pandemia\u201d, en la que participaron cuatro especialistas de la Facultad de Psicolog\u00eda con temas que buscan promover el bienestar y la calidad de vida de las mujeres y en la sociedad en general.<\/p>\n<p>En su intervenci\u00f3n, la doctora en neurociencias, Minerva Ortiz Valladares asegur\u00f3 que es importante, para lograr una atenci\u00f3n integral de la salud mental, considerar que cada sector poblacional presenta distintas necesidades y que las mismas situaciones no afectan por igual a todos: \u201cEl reconocimiento de la diversidad nos lleva tambi\u00e9n a la posibilidad del apoyo multidisciplinario entre psic\u00f3logos, psiquiatras, m\u00e9dicos y enfermeras para garantizar la salud mental\u201d, coment\u00f3.<\/p>\n<p>Agreg\u00f3 que el problema va m\u00e1s all\u00e1 de los trastornos mentales, llegando hasta las enfermedades psicosom\u00e1ticas que necesitan atenci\u00f3n espec\u00edfica: \u201cTenemos que diversificar la manera en que atenderemos el problema de la salud mental, diversificar los medios con los que podemos apoyar y, a partir de esto, tenemos que formar programas de atenci\u00f3n especializados\u201d.<\/p>\n<p>Por su parte, la profesora de la Facultad de Psicolog\u00eda e integrante del Programa Universitario de Salud Mental, Sarita Salgado Torres dijo que existen diferentes factores de riesgo para los problemas de salud mental y que, en M\u00e9xico, el g\u00e9nero femenino es m\u00e1s propenso a trastornos como la ansiedad y la depresi\u00f3n.<\/p>\n<p>\u201cTomando en cuenta estudios que se han realizado de c\u00f3mo se conforman las familias mexicanas, notamos que persisten desigualdades en la crianza de la mujer, pues aprenden desde peque\u00f1as a vivir con sobreprotecci\u00f3n, minusval\u00eda, mayor carga en labores del hogar y el cuidado de los dem\u00e1s integrantes\u201d, coment\u00f3.<\/p>\n<p>As\u00ed pues, propuso trabajar estos desequilibrios desde el seno familiar, visualizando un compromiso afectivo sensible, con l\u00edmites, y sobre todo con el respeto a los derechos de los seres humanos: \u201cLa visi\u00f3n sobre el g\u00e9nero tendr\u00eda que ser hol\u00edstica en cada familia, no basada en clasificaciones dicot\u00f3micas que destacan las diferencias sociales y sexuales, si no haciendo un reconocimiento armonioso de que no se debe disociar ps\u00edquicamente por el hecho de ser mujer u hombre\u201d.<\/p>\n<p>Posteriormente, la l\u00edder del cuerpo acad\u00e9mico de Educaci\u00f3n y Psicolog\u00eda, Myriam Rebeca P\u00e9rez Daniel destac\u00f3 en su intervenci\u00f3n la importancia del bienestar psicol\u00f3gico y emocional como herramientas que nos permiten afrontar los retos cotidianos: \u201cSin salud mental no es posible gozar de buena salud en general\u201d, afirm\u00f3.<\/p>\n<p>La pandemia por COVID-19 que hemos experimentado a nivel global, a\u00f1adi\u00f3, \u201cha tra\u00eddo situaciones que ponen en riesgo la salud mental de la sociedad. Debido al rol que culturalmente se le ha dado a la mujer, existen marcadas diferencias en el impacto a su salud mental, pues dicho rol se liga a las tareas del cuidado y del hogar; en este sentido, el confinamiento hizo que dichas labores se triplicaran al mantener a toda la familia en casa\u201d.<\/p>\n<p>Tradicionalmente, agreg\u00f3, se atribuye a los varones el rol de proveedores, pero debido a la p\u00e9rdida de empleos y la disminuci\u00f3n de productividad, las mujeres tuvieron que buscar fuentes de ingreso alternas para contribuir tambi\u00e9n a los gastos. Ante este panorama, dijo, \u201ces importante contar con una perspectiva de g\u00e9nero sobre la atenci\u00f3n a la salud mental, pues la presi\u00f3n sobre el desempe\u00f1o esperado de las mujeres es distinta a la de los hombres\u201d. Adem\u00e1s, enfatiz\u00f3, \u201ces m\u00e1s grave cuando muchas mujeres y ni\u00f1as tienen a sus principales agresores en casa, en casos de violencia intrafamiliar\u201d.<\/p>\n<p>En este contexto, expuso, \u201cla primera tarea que debe alentar la psicolog\u00eda en la promoci\u00f3n de la salud mental, es hacer notar que estos desequilibrios en nuestras tareas no son normales, que son socialmente construidos, y que es parte de nuestra b\u00fasqueda de bienestar cuestionar estos roles y buscar una distribuci\u00f3n equitativa del cuidado del hogar, la educaci\u00f3n, salud, econom\u00eda casera, etc\u00e9tera. Es necesaria una psicolog\u00eda cr\u00edtica, sin prejuicios, que ayude a crear comunidad y a establecer redes de apoyo para la b\u00fasqueda colectiva de bienestar\u201d.<\/p>\n<p>Por \u00faltimo, la profesora Yesenia Rub\u00ed Graciano Hern\u00e1ndez coment\u00f3 que es necesario trabajar en un proceso de \u201cdesnaturalizaci\u00f3n de los estereotipos de g\u00e9nero\u201d, y enfatiz\u00f3 que el trabajo de quienes ejercen la psicolog\u00eda \u201cdebe ir encaminado a desmontar y cuestionar las estructuras del poder para, as\u00ed, equilibrar las din\u00e1micas que han mantenido la balanza en desventaja para las mujeres\u201d.<\/p>\n<p>Se puede cuestionar, finaliz\u00f3, lo siguiente: \u201c\u00bfSer\u00e1 que una mujer no puede subirse a un ring de box?, \u00bfser\u00e1 que no puede conducir un auto de carreras? Luego lo contrario: \u00bfser\u00e1 que el compa\u00f1ero puede asumir actividades de crianza y cuidado con el mismo despliegue de ternura y cari\u00f1o que las mujeres hist\u00f3ricamente lo hemos hecho?\u201d.<\/p>\n","protected":false},"excerpt":{"rendered":"<p>*Aseguran que la contingencia sanitaria ha impactado de modo distinto en hombres y mujeres. Como parte de las actividades del programa de Salud Mental de la Universidad de Colima, hace unos d\u00edas se realiz\u00f3 la mesa virtual \u201cSalud mental de la mujer en tiempos de pandemia\u201d, en la que participaron cuatro especialistas de la Facultad&#8230;<\/p>\n","protected":false},"author":2,"featured_media":15742,"comment_status":"open","ping_status":"open","sticky":false,"template":"","format":"standard","meta":{"footnotes":""},"categories":[14],"tags":[29,30,28],"class_list":["post-15741","post","type-post","status-publish","format-standard","has-post-thumbnail","hentry","category-educacion-y-cultura","tag-grid","tag-news","tag-slider"],"_links":{"self":[{"href":"http:\/\/elobservatorio.com.mx\/index.php?rest_route=\/wp\/v2\/posts\/15741"}],"collection":[{"href":"http:\/\/elobservatorio.com.mx\/index.php?rest_route=\/wp\/v2\/posts"}],"about":[{"href":"http:\/\/elobservatorio.com.mx\/index.php?rest_route=\/wp\/v2\/types\/post"}],"author":[{"embeddable":true,"href":"http:\/\/elobservatorio.com.mx\/index.php?rest_route=\/wp\/v2\/users\/2"}],"replies":[{"embeddable":true,"href":"http:\/\/elobservatorio.com.mx\/index.php?rest_route=%2Fwp%2Fv2%2Fcomments&post=15741"}],"version-history":[{"count":0,"href":"http:\/\/elobservatorio.com.mx\/index.php?rest_route=\/wp\/v2\/posts\/15741\/revisions"}],"wp:featuredmedia":[{"embeddable":true,"href":"http:\/\/elobservatorio.com.mx\/index.php?rest_route=\/wp\/v2\/media\/15742"}],"wp:attachment":[{"href":"http:\/\/elobservatorio.com.mx\/index.php?rest_route=%2Fwp%2Fv2%2Fmedia&parent=15741"}],"wp:term":[{"taxonomy":"category","embeddable":true,"href":"http:\/\/elobservatorio.com.mx\/index.php?rest_route=%2Fwp%2Fv2%2Fcategories&post=15741"},{"taxonomy":"post_tag","embeddable":true,"href":"http:\/\/elobservatorio.com.mx\/index.php?rest_route=%2Fwp%2Fv2%2Ftags&post=15741"}],"curies":[{"name":"wp","href":"https:\/\/api.w.org\/{rel}","templated":true}]}}