{"id":15801,"date":"2021-04-05T11:37:58","date_gmt":"2021-04-05T16:37:58","guid":{"rendered":"http:\/\/elobservatorio.com.mx\/?p=15801"},"modified":"2021-04-05T11:37:58","modified_gmt":"2021-04-05T16:37:58","slug":"presupuesto-quitado-a-colima-sera-rescatado-con-riult-y-oscar-mely","status":"publish","type":"post","link":"http:\/\/elobservatorio.com.mx\/?p=15801","title":{"rendered":"Presupuesto quitado a Colima ser\u00e1 rescatado con Riult y \u00d3scar: Mely"},"content":{"rendered":"<p class=\"x_MsoNormal\"><em>*Candidata de \u201cVa por Colima\u201d acompa\u00f1\u00f3 a los arranques de campa\u00f1a de los candidatos a diputados federales<\/em><\/p>\n<p class=\"x_MsoNormal\"><i>Colima, Col. 4 de abril de 2021.-\u00a0<\/i>La abanderada de la Coalici\u00f3n \u201cVa por Colima\u201d al Gobierno del Estado, Mely Romero Celis, acompa\u00f1\u00f3 a los candidatos a diputados federales por el primero y segundo distrito, Riult Rivera y \u00d3scar \u00c1valos, respectivamente, de quienes, dijo, ser\u00e1n claves en el Congreso de la Uni\u00f3n para recuperar el presupuesto federal a favor de Colima.<\/p>\n<p class=\"x_MsoNormal\">\u201cEs un trabajo en equipo desde el Congreso de la Uni\u00f3n, para poder rescatar presupuestos para muchos de los programas que antes hab\u00eda y hoy desaparecieron. Vamos a recuperar en equipo las estancias infantiles, vamos a gestionar recursos en alianza con sus apoyos como diputados federales y a consolidar proyectos muy importantes para Colima\u201d, se\u00f1al\u00f3.<\/p>\n<p class=\"x_MsoNormal\">Mely Romero particip\u00f3 primero en el arranque de campa\u00f1a de \u00d3scar \u00c1valos, en el parque Gonz\u00e1lez Lugo, de Tecom\u00e1n, posteriormente se traslad\u00f3 a la sede del Comit\u00e9 Directivo Estatal del PAN, donde Riult Rivera formaliz\u00f3 el arranque de su campa\u00f1a electoral.<\/p>\n<p class=\"x_MsoNormal\">En ambos actos de campa\u00f1a, la candidata a gobernadora resalt\u00f3 la necesidad urgente de que tanto \u00d3scar \u00c1valos como Riult Rivera ganen las diputaciones federales, pues ellos ser\u00e1n los encargados de gestionar los recursos presupuestales necesarios para beneficiar al Estado de Colima.<\/p>\n<p class=\"x_MsoNormal\">La abanderada por la Coalici\u00f3n \u201cVa por Colima\u201d explic\u00f3 que al no existir contrapesos en el Congreso de la Uni\u00f3n han desaparecido m\u00e1s de 500 programas y fondos, afectando a madres trabajadoras, campesinos, estudiantes y a la poblaci\u00f3n en general que antes se beneficiaba con programas como Prospera, Procampo, Estancias infantiles, Empleo Temporal, Escuelas de Tiempo Completo y Seguro Popular, entre otros.<\/p>\n<p class=\"x_MsoNormal\">Afirm\u00f3 que recorrer\u00e1 todo el estado de Colima, acompa\u00f1ada de los candidatos a diputados federales por el primero y segundo distrito, visitando colonias, comunidades, los lugares m\u00e1s lejanos y que est\u00e1n en el olvido, haciendo una gesti\u00f3n cercana y en equipo para beneficiar a las familias de Colima.<\/p>\n<p class=\"x_MsoNormal\">Mely Romero manifest\u00f3 que hay un gran equipo en la coalici\u00f3n \u201cVa por Colima\u201d, por lo que el trabajo de Riult Rivera y \u00d3scar \u00c1valos ser\u00e1 fundamental para la gesti\u00f3n de recursos y que no se le siga quitando presupuesto federal a la entidad, sino que defienda lo que ella solicite como gobernadora en beneficio del Estado.<\/p>\n<p class=\"x_MsoNormal\">En sus mensajes de arranque de campa\u00f1a, Riult Rivera y \u00d3scar \u00c1valos coincidieron en la importancia de obtener una mayor\u00eda en el Congreso de la Uni\u00f3n, donde nacen las leyes y se aprueban los presupuestos, tan importantes para que lleguen los recursos federales a los estados y que en los \u00faltimos dos a\u00f1os han ido desapareciendo.<\/p>\n","protected":false},"excerpt":{"rendered":"<p>*Candidata de \u201cVa por Colima\u201d acompa\u00f1\u00f3 a los arranques de campa\u00f1a de los candidatos a diputados federales Colima, Col. 4 de abril de 2021.-\u00a0La abanderada de la Coalici\u00f3n \u201cVa por Colima\u201d al Gobierno del Estado, Mely Romero Celis, acompa\u00f1\u00f3 a los candidatos a diputados federales por el primero y segundo distrito, Riult Rivera y \u00d3scar&#8230;<\/p>\n","protected":false},"author":2,"featured_media":15802,"comment_status":"open","ping_status":"open","sticky":false,"template":"","format":"standard","meta":{"footnotes":""},"categories":[52,10],"tags":[29,30,28],"class_list":["post-15801","post","type-post","status-publish","format-standard","has-post-thumbnail","hentry","category-elecciones-2021","category-politica","tag-grid","tag-news","tag-slider"],"_links":{"self":[{"href":"http:\/\/elobservatorio.com.mx\/index.php?rest_route=\/wp\/v2\/posts\/15801"}],"collection":[{"href":"http:\/\/elobservatorio.com.mx\/index.php?rest_route=\/wp\/v2\/posts"}],"about":[{"href":"http:\/\/elobservatorio.com.mx\/index.php?rest_route=\/wp\/v2\/types\/post"}],"author":[{"embeddable":true,"href":"http:\/\/elobservatorio.com.mx\/index.php?rest_route=\/wp\/v2\/users\/2"}],"replies":[{"embeddable":true,"href":"http:\/\/elobservatorio.com.mx\/index.php?rest_route=%2Fwp%2Fv2%2Fcomments&post=15801"}],"version-history":[{"count":0,"href":"http:\/\/elobservatorio.com.mx\/index.php?rest_route=\/wp\/v2\/posts\/15801\/revisions"}],"wp:featuredmedia":[{"embeddable":true,"href":"http:\/\/elobservatorio.com.mx\/index.php?rest_route=\/wp\/v2\/media\/15802"}],"wp:attachment":[{"href":"http:\/\/elobservatorio.com.mx\/index.php?rest_route=%2Fwp%2Fv2%2Fmedia&parent=15801"}],"wp:term":[{"taxonomy":"category","embeddable":true,"href":"http:\/\/elobservatorio.com.mx\/index.php?rest_route=%2Fwp%2Fv2%2Fcategories&post=15801"},{"taxonomy":"post_tag","embeddable":true,"href":"http:\/\/elobservatorio.com.mx\/index.php?rest_route=%2Fwp%2Fv2%2Ftags&post=15801"}],"curies":[{"name":"wp","href":"https:\/\/api.w.org\/{rel}","templated":true}]}}