{"id":15814,"date":"2021-04-05T16:34:39","date_gmt":"2021-04-05T21:34:39","guid":{"rendered":"http:\/\/elobservatorio.com.mx\/?p=15814"},"modified":"2021-04-05T16:40:04","modified_gmt":"2021-04-05T21:40:04","slug":"jimenez-bojado-altero-lista-de-pluris-para-acomodarse-en-el-primer-lugar-denuncia-senadora","status":"publish","type":"post","link":"http:\/\/elobservatorio.com.mx\/?p=15814","title":{"rendered":"Jimenez Bojado alter\u00f3 lista de \u00abpluris\u00bb para acomodarse en el primer lugar, denuncia Senadora"},"content":{"rendered":"<p><em>*En la lista que design\u00f3 el CEN de MORENA el dirigente estatal del partido, aparec\u00eda en el n\u00famero 5, y en la que \u00e9l present\u00f3 aparece en el orden n\u00famero uno, dice<\/em><\/p>\n<p>Colima Col.- La senadora que gan\u00f3 con las siglas del PT, <strong>Gricelda Valencia de la Mora<\/strong>, nuevamente lanz\u00f3 duras cr\u00edticas en contra de las designaciones de candidatos en Colima, siendo esta ocasi\u00f3n hacia el mismo dirigente del partido en la entidad, Sergio Jimenez Bojado, que alter\u00f3 la lista de diputados locales plurinominales para aparecer en primer lugar.<\/p>\n<p>A trav\u00e9s de su muro de Facebook, la senadora petista, acus\u00f3 al dirigente estatal de haber alterado el orden de la lista original que present\u00f3 el CEN de MORENA en donde \u00e9ste aparec\u00eda en el lugar n\u00famero cinco.<\/p>\n<p>\u00abIrregularidad tras irregularidad, en morena pareciera que quieren destruir el partido lo m\u00e1s r\u00e1pido posible , hoy publicaron la lista de los candidatos plurinominales de morena y es una totalmente diferente a la que el partido a nivel nacional llev\u00f3 a cabo mediante insaculaci\u00f3n con presencia de un notario p\u00fablico, en la lista del nacional Sergio Jimenez Bojado qued\u00f3 en 5to lugar, mientras en el estado, \u00e9l como presidente del partido presenta una lista donde aparece en primer lugar de la lista plurinominal alterando el orden de los resultados de la primera lista\u00bb.<\/p>\n<p><img loading=\"lazy\" decoding=\"async\" class=\"alignnone wp-image-15816 size-full\" src=\"http:\/\/elobservatorio.com.mx\/wp-content\/uploads\/2021\/04\/lista.jpg\" alt=\"\" width=\"845\" height=\"473\" srcset=\"http:\/\/elobservatorio.com.mx\/wp-content\/uploads\/2021\/04\/lista.jpg 845w, http:\/\/elobservatorio.com.mx\/wp-content\/uploads\/2021\/04\/lista-300x168.jpg 300w, http:\/\/elobservatorio.com.mx\/wp-content\/uploads\/2021\/04\/lista-768x430.jpg 768w, http:\/\/elobservatorio.com.mx\/wp-content\/uploads\/2021\/04\/lista-800x448.jpg 800w\" sizes=\"(max-width: 845px) 100vw, 845px\" \/><\/p>\n<p><img loading=\"lazy\" decoding=\"async\" class=\"alignnone wp-image-15817 size-full\" src=\"http:\/\/elobservatorio.com.mx\/wp-content\/uploads\/2021\/04\/lista1.jpg\" alt=\"\" width=\"392\" height=\"286\" srcset=\"http:\/\/elobservatorio.com.mx\/wp-content\/uploads\/2021\/04\/lista1.jpg 392w, http:\/\/elobservatorio.com.mx\/wp-content\/uploads\/2021\/04\/lista1-300x219.jpg 300w\" sizes=\"(max-width: 392px) 100vw, 392px\" \/><\/p>\n","protected":false},"excerpt":{"rendered":"<p>*En la lista que design\u00f3 el CEN de MORENA el dirigente estatal del partido, aparec\u00eda en el n\u00famero 5, y en la que \u00e9l present\u00f3 aparece en el orden n\u00famero uno, dice Colima Col.- La senadora que gan\u00f3 con las siglas del PT, Gricelda Valencia de la Mora, nuevamente lanz\u00f3 duras cr\u00edticas en contra de&#8230;<\/p>\n","protected":false},"author":2,"featured_media":15818,"comment_status":"open","ping_status":"open","sticky":false,"template":"","format":"standard","meta":{"footnotes":""},"categories":[52,10],"tags":[29,30,28],"class_list":["post-15814","post","type-post","status-publish","format-standard","has-post-thumbnail","hentry","category-elecciones-2021","category-politica","tag-grid","tag-news","tag-slider"],"_links":{"self":[{"href":"http:\/\/elobservatorio.com.mx\/index.php?rest_route=\/wp\/v2\/posts\/15814"}],"collection":[{"href":"http:\/\/elobservatorio.com.mx\/index.php?rest_route=\/wp\/v2\/posts"}],"about":[{"href":"http:\/\/elobservatorio.com.mx\/index.php?rest_route=\/wp\/v2\/types\/post"}],"author":[{"embeddable":true,"href":"http:\/\/elobservatorio.com.mx\/index.php?rest_route=\/wp\/v2\/users\/2"}],"replies":[{"embeddable":true,"href":"http:\/\/elobservatorio.com.mx\/index.php?rest_route=%2Fwp%2Fv2%2Fcomments&post=15814"}],"version-history":[{"count":0,"href":"http:\/\/elobservatorio.com.mx\/index.php?rest_route=\/wp\/v2\/posts\/15814\/revisions"}],"wp:featuredmedia":[{"embeddable":true,"href":"http:\/\/elobservatorio.com.mx\/index.php?rest_route=\/wp\/v2\/media\/15818"}],"wp:attachment":[{"href":"http:\/\/elobservatorio.com.mx\/index.php?rest_route=%2Fwp%2Fv2%2Fmedia&parent=15814"}],"wp:term":[{"taxonomy":"category","embeddable":true,"href":"http:\/\/elobservatorio.com.mx\/index.php?rest_route=%2Fwp%2Fv2%2Fcategories&post=15814"},{"taxonomy":"post_tag","embeddable":true,"href":"http:\/\/elobservatorio.com.mx\/index.php?rest_route=%2Fwp%2Fv2%2Ftags&post=15814"}],"curies":[{"name":"wp","href":"https:\/\/api.w.org\/{rel}","templated":true}]}}