{"id":1585,"date":"2019-01-16T04:52:04","date_gmt":"2019-01-16T04:52:04","guid":{"rendered":"http:\/\/elobservatorio.com.mx\/suspenderan-clases-planteles-escolares-este-miercoles"},"modified":"2019-01-16T04:52:04","modified_gmt":"2019-01-16T04:52:04","slug":"suspenderan-clases-planteles-escolares-este-miercoles","status":"publish","type":"post","link":"http:\/\/elobservatorio.com.mx\/?p=1585","title":{"rendered":"Suspender\u00e1n clases planteles escolares, este mi\u00e9rcoles"},"content":{"rendered":"<p><em>*Por incumplimiento de compromisos por parte del gobierno del estado encabezado por Nacho Peralta =No hay acuerdo sobre los servicios m\u00e9dicos para los trabajadores de la educaci\u00f3n: SNTE 39 =Podr\u00eda haber \u201cparo indefinido\u201d<\/em><\/p>\n<p>Ante la \u201cincertidumbre\u201d y debido a la \u201cindefinici\u00f3n y contradicciones\u201d existentes entre la Ley de Austeridad y la Ley de Pensiones Civiles del Gobierno del Estado, as\u00ed como por los adeudos que tiene el Gobierno Estatal con m\u00e9dicos e instituciones para la prestaci\u00f3n de servicios m\u00e9dicos para trabajadores de la educaci\u00f3n, este mi\u00e9rcoles se realizar\u00e1 \u201cun paro indefinido\u201d de labores en los planteles escolares estatales.<\/p>\n<p>A trav\u00e9s de las redes sociales, se dio a conocer que la Secci\u00f3n 39 del Sindicato Nacional de Trabajadores de la Educaci\u00f3n (SNTE) est\u00e1 convocando a sus agremiados a suspender las actividades escolares este mi\u00e9rcoles, lo cual no ha podido ser confirmado oficialmente. Sin embargo, la versi\u00f3n no ha sido confirmada por la dirigencia estatal de dicha organizaci\u00f3n gremial.<\/p>\n<p>Si bien la informaci\u00f3n es extraoficial, en diversos grupos de las redes sociales se viene convocando a la suspensi\u00f3n de clases \u201cdebido a la falta de compromisos cumplidos por parte del Gobierno del Estado con los trabajadores de la educaci\u00f3n adheridos a la Secci\u00f3n 39 del SNTE\u201d.<\/p>\n<p>Como parte de esta informaci\u00f3n, en escuelas como la Gregorio Torres Quintero. Turno Matutino, a trav\u00e9s WhatsApp, se est\u00e1 informando a los padres de familia sobre esta situaci\u00f3n.<\/p>\n<p>A trav\u00e9s de un mensaje que les lleg\u00f3 a los padres de familia de dicha instituci\u00f3n se informa lo siguiente: \u201cSNTE 39 se va a paro laboral indefinido por incumplimiento de los acuerdos del gobierno del estado con los trabajadores de la educaci\u00f3n estatal a partir de ma\u00f1ana 16 de enero de 2019\u201d.<\/p>\n<p>Por ello, pidieron \u201ca las madres y padres de familia de la escuela Gregorio Torres Quintero TM, estar al pendiente en los canales Institucionales adecuados porque se tienen que tomar acuerdos contundentes y verdaderos en fechas posteriores\u201d.<\/p>\n<p>Y cerraron: \u201cPorque queremos hechos y no di\u00e1logo. Por la Defensa a los Derechos del Magisterio Colimense\u201d.<\/p>\n<p>En d\u00edas pasados el l\u00edder de la Secci\u00f3n 39 del Sindicato Nacional de Trabajadores de la Educaci\u00f3n (SNTE), Heriberto Valladares Ochoa, advirti\u00f3 que esta semana podr\u00edan anunciar irse a paro, si no se resuelve a favor la prestaci\u00f3n de seguro m\u00e9dico.<\/p>\n<p>Record\u00f3 que dicha prestaci\u00f3n es una conquista laboral que tiene 59 a\u00f1os y dijo que no permitir\u00e1n que el Gobierno del Estado y el Congreso local se los quiten; adem\u00e1s de que este servicio se les ha negado a los trabajadores de la educaci\u00f3n por los adeudos de m\u00e1s de 40 millones de pesos que tiene el Gobierno del Estado con m\u00e9dicos e instituciones de salud privadas.<\/p>\n<p>Cabe mencionar que el pasado 10 de enero, ante las presiones ejercidas por la Secci\u00f3n 39 del SNTE, la diputada de Morena y presidente de la Mesa Directiva del Congreso del Estado, Claudia Gabriela Aguirre Luna, a nombre de la Fracci\u00f3n Parlamentaria de Morena, propuso modificar la Ley de Austeridad del Estado de Colima con el objetivo de clarificar y proteger los servicios m\u00e9dicos de los Trabajadores de la Educaci\u00f3n adheridos a dicha secci\u00f3n magisterial, sin embargo, dicha propuesta fue enviada a comisiones para su estudio, an\u00e1lisis y discusi\u00f3n.<\/p>\n","protected":false},"excerpt":{"rendered":"<p>*Por incumplimiento de compromisos por parte del gobierno del estado encabezado por Nacho Peralta =No hay acuerdo sobre los servicios m\u00e9dicos para los trabajadores de la educaci\u00f3n: SNTE 39 =Podr\u00eda haber \u201cparo indefinido\u201d Ante la \u201cincertidumbre\u201d y debido a la \u201cindefinici\u00f3n y contradicciones\u201d existentes entre la Ley de Austeridad y la Ley de Pensiones Civiles&#8230;<\/p>\n","protected":false},"author":2,"featured_media":1586,"comment_status":"open","ping_status":"open","sticky":false,"template":"","format":"standard","meta":{"footnotes":""},"categories":[12],"tags":[29,30,28],"class_list":["post-1585","post","type-post","status-publish","format-standard","has-post-thumbnail","hentry","category-sociedad","tag-grid","tag-news","tag-slider"],"_links":{"self":[{"href":"http:\/\/elobservatorio.com.mx\/index.php?rest_route=\/wp\/v2\/posts\/1585"}],"collection":[{"href":"http:\/\/elobservatorio.com.mx\/index.php?rest_route=\/wp\/v2\/posts"}],"about":[{"href":"http:\/\/elobservatorio.com.mx\/index.php?rest_route=\/wp\/v2\/types\/post"}],"author":[{"embeddable":true,"href":"http:\/\/elobservatorio.com.mx\/index.php?rest_route=\/wp\/v2\/users\/2"}],"replies":[{"embeddable":true,"href":"http:\/\/elobservatorio.com.mx\/index.php?rest_route=%2Fwp%2Fv2%2Fcomments&post=1585"}],"version-history":[{"count":0,"href":"http:\/\/elobservatorio.com.mx\/index.php?rest_route=\/wp\/v2\/posts\/1585\/revisions"}],"wp:featuredmedia":[{"embeddable":true,"href":"http:\/\/elobservatorio.com.mx\/index.php?rest_route=\/wp\/v2\/media\/1586"}],"wp:attachment":[{"href":"http:\/\/elobservatorio.com.mx\/index.php?rest_route=%2Fwp%2Fv2%2Fmedia&parent=1585"}],"wp:term":[{"taxonomy":"category","embeddable":true,"href":"http:\/\/elobservatorio.com.mx\/index.php?rest_route=%2Fwp%2Fv2%2Fcategories&post=1585"},{"taxonomy":"post_tag","embeddable":true,"href":"http:\/\/elobservatorio.com.mx\/index.php?rest_route=%2Fwp%2Fv2%2Ftags&post=1585"}],"curies":[{"name":"wp","href":"https:\/\/api.w.org\/{rel}","templated":true}]}}