{"id":1594,"date":"2019-01-16T05:45:07","date_gmt":"2019-01-16T05:45:07","guid":{"rendered":"http:\/\/elobservatorio.com.mx\/debutan-en-la-petatera-los-espanoles-antonio-ferrera-y-andy-cartagena"},"modified":"2019-01-16T05:45:07","modified_gmt":"2019-01-16T05:45:07","slug":"debutan-en-la-petatera-los-espanoles-antonio-ferrera-y-andy-cartagena","status":"publish","type":"post","link":"http:\/\/elobservatorio.com.mx\/?p=1594","title":{"rendered":"Debutan en La Petatera los espa\u00f1oles Antonio Ferrera y Andy Cartagena"},"content":{"rendered":"<p><em>*El primero de los festejos charro-taurinos en Villa de \u00c1lvarez, Colima, ser\u00e1 el martes 12 de febrero =Tambi\u00e9n participaran El Conde. El Zapata y reaparecer\u00e1 Fabi\u00e1n Barba.<\/em><\/p>\n<p>Los Toreros Espa\u00f1oles Antonio Ferrera y Andy Cartagena har\u00e1n su presentaci\u00f3n en la Plaza de Toros La Petatera de Villa de \u00c1lvarez, dentro de los Festejos Charro-taurinos 2019, seg\u00fan se confirm\u00f3.<\/p>\n<p>El primero de los festejos charro-taurinos en Villa de \u00c1lvarez, Colima, ser\u00e1 el martes 12 de febrero, con el debut del rejoneador Cartagena, la despedida de Alfredo R\u00edos \u00abEl Conde\u00bb y la reaparici\u00f3n de Fabi\u00e1n Barba.<\/p>\n<p>El tapat\u00edo \u00abEl Conde har\u00e1 por \u00faltima vez el pase\u00edllo en el recinto, luego de triunfar en la Plaza M\u00e9xico, mientras que el hidroc\u00e1lido Barba reaparecer\u00e1 tras la doble cornada el 6 de enero en el mismo coso capitalino.<\/p>\n<p>Los alternantes lidiar\u00e1n cuatro toros de la ganader\u00eda G\u00f3mez Valle, de San Luis Potos\u00ed, y dos astados de rejones del hierro hidalguense de Fernando de la Mora, adem\u00e1s de la participaci\u00f3n de los Forcados Mazatlecos.<\/p>\n<p>La segunda corrida del martes 19 presentar\u00e1 un encierro de San Miguel de Mimiahu\u00e1pam para Antonio Ferrera, Uriel Moreno \u00abEl Za\u00c7pata\u00bb y Carlos Rodr\u00edguez.<\/p>\n<p>El potosino Rodr\u00edguez tomar\u00e1 la alternativa con el espa\u00f1ol Ferrera de padrino, y el diestro tlaxcalteca \u00abEl Zapata\u00bb, de testigo.<\/p>\n<p>El coso montable construido artesanalmente de petates para los festejos charro-taurinos, se encuentra a 199 kil\u00f3metros de Guadalajara.<\/p>\n<p>La Petatera cuenta con 162 a\u00f1os de historia y tiene una capacidad para 5 mil asistentes. Es construida por 50 personas durante dos meses, y fue declarada Patrimonio Cultural del Estado de Colima, en 2013.<\/p>\n","protected":false},"excerpt":{"rendered":"<p>*El primero de los festejos charro-taurinos en Villa de \u00c1lvarez, Colima, ser\u00e1 el martes 12 de febrero =Tambi\u00e9n participaran El Conde. El Zapata y reaparecer\u00e1 Fabi\u00e1n Barba. Los Toreros Espa\u00f1oles Antonio Ferrera y Andy Cartagena har\u00e1n su presentaci\u00f3n en la Plaza de Toros La Petatera de Villa de \u00c1lvarez, dentro de los Festejos Charro-taurinos 2019,&#8230;<\/p>\n","protected":false},"author":2,"featured_media":1595,"comment_status":"open","ping_status":"open","sticky":false,"template":"","format":"standard","meta":{"footnotes":""},"categories":[32,8,42],"tags":[29,30,28],"class_list":["post-1594","post","type-post","status-publish","format-standard","has-post-thumbnail","hentry","category-escenario","category-municipios","category-villa-de-alvarez","tag-grid","tag-news","tag-slider"],"_links":{"self":[{"href":"http:\/\/elobservatorio.com.mx\/index.php?rest_route=\/wp\/v2\/posts\/1594"}],"collection":[{"href":"http:\/\/elobservatorio.com.mx\/index.php?rest_route=\/wp\/v2\/posts"}],"about":[{"href":"http:\/\/elobservatorio.com.mx\/index.php?rest_route=\/wp\/v2\/types\/post"}],"author":[{"embeddable":true,"href":"http:\/\/elobservatorio.com.mx\/index.php?rest_route=\/wp\/v2\/users\/2"}],"replies":[{"embeddable":true,"href":"http:\/\/elobservatorio.com.mx\/index.php?rest_route=%2Fwp%2Fv2%2Fcomments&post=1594"}],"version-history":[{"count":0,"href":"http:\/\/elobservatorio.com.mx\/index.php?rest_route=\/wp\/v2\/posts\/1594\/revisions"}],"wp:featuredmedia":[{"embeddable":true,"href":"http:\/\/elobservatorio.com.mx\/index.php?rest_route=\/wp\/v2\/media\/1595"}],"wp:attachment":[{"href":"http:\/\/elobservatorio.com.mx\/index.php?rest_route=%2Fwp%2Fv2%2Fmedia&parent=1594"}],"wp:term":[{"taxonomy":"category","embeddable":true,"href":"http:\/\/elobservatorio.com.mx\/index.php?rest_route=%2Fwp%2Fv2%2Fcategories&post=1594"},{"taxonomy":"post_tag","embeddable":true,"href":"http:\/\/elobservatorio.com.mx\/index.php?rest_route=%2Fwp%2Fv2%2Ftags&post=1594"}],"curies":[{"name":"wp","href":"https:\/\/api.w.org\/{rel}","templated":true}]}}