{"id":15949,"date":"2021-04-14T12:37:39","date_gmt":"2021-04-14T17:37:39","guid":{"rendered":"http:\/\/elobservatorio.com.mx\/?p=15949"},"modified":"2021-04-14T12:37:39","modified_gmt":"2021-04-14T17:37:39","slug":"compras-y-obras-con-presupuesto-estatal-a-empresas-locales-mely","status":"publish","type":"post","link":"http:\/\/elobservatorio.com.mx\/?p=15949","title":{"rendered":"Compras y obras con presupuesto estatal, a empresas locales: Mely"},"content":{"rendered":"<p><em>*El presupuesto de Colima se queda en Colima, les dijo la candidata a Gobernadora a integrantes de Coparmex<\/em><\/p>\n<p><em>Colima, Col. 14 de abril de 2021.- <\/em>Ante integrantes de la Confederaci\u00f3n Patronal de la Rep\u00fablica Mexicana (Coparmex) de Colima, Mely Romero Celis, candidata de la Coalici\u00f3n \u201cVa por Colima\u201d a la gubernatura, destac\u00f3 que para la reactivaci\u00f3n econ\u00f3mica es necesario invertir el presupuesto p\u00fablico estatal en las empresas locales.<\/p>\n<p>\u201cEsa lamentable que el presupuesto del Estado se vaya a empresas que no son del Estado de Colima y eso es en obra p\u00fablica, en muchos servicios y proveedur\u00edas que se contratan\u201d, dijo la candidata Romero Celis en un evento celebrado en el sal\u00f3n de un hotel al norte de la Ciudad de Colima.<\/p>\n<p>No obstante que por ley existen licitaciones de car\u00e1cter nacional, donde pueden participar empresas de todo M\u00e9xico, Mely Romero se\u00f1al\u00f3 que \u201cen Colima existen empresas que compiten a cabalidad con otras en todo el pa\u00eds que y dan mejores condiciones, mejores precios y tienen todo para proveer lo que Colima necesita\u201d.<\/p>\n<p>Agreg\u00f3: \u201cEl presupuesto de Colima se queda en Colima\u201d.<\/p>\n<p>Habl\u00f3 tambi\u00e9n de crear un fondo a partir del Impuesto Sobre N\u00f3minas que pagan los patrones, cuya recaudaci\u00f3n anual es de uno 300 millones de pesos, de los cuales el 35 por ciento deber\u00edan integrase al Sistema Estatal de Financiamiento para el Desarrollo Econ\u00f3mico del Estado de Colima (Sefidec), sin embargo s\u00f3lo se regresa un 8 por ciento.<\/p>\n<p>En ese sentido, indic\u00f3 que la idea es que de los 300 millones de pesos\u00a0 del ISN, 100 millones de pesos lleguen al Sefidec, que coinvertidos con la banca comercial, pueden llegar a 800 millones, recursos que ser\u00edan destinados al otorgamiento\u00a0 de cr\u00e9ditos sin tantos requisitos, con bajos intereses y en algunos casos sin ellos, para potenciar la actividad econ\u00f3mica del Estado de Colima.<\/p>\n<p>\u201cEso ya est\u00e1 sucediendo, pero debe potenciarse, para fortalecer a quienes tienen un peque\u00f1o negocio, un puesto en un tianguis, en un mercado o en un local, y este financiamiento accesible\u00a0 ir\u00eda acompa\u00f1ado de capacitaci\u00f3n y acompa\u00f1amiento, estoy convencida que esa es la clave para fortalecer a los peque\u00f1os negocios\u201d, expres\u00f3 Romero Celis.<\/p>\n<p>En materia de seguridad p\u00fablica, refrend\u00f3 su compromiso de asumir a plenitud la responsabilidad en esa \u00e1rea y coordinar a las instituciones de ese rubro, adem\u00e1s \u201cno echar\u00e9 la bolita a otros \u00f3rdenes de gobierno\u201d.<\/p>\n<p>Finalmente, Mely Romero llam\u00f3 a los integrantes de la Coparmex Colima a hacer una evaluaci\u00f3n del perfil de la persona que tiene la mayor posibilidad de hacer un gobierno recto, \u201ceval\u00faenme a m\u00ed, pero tambi\u00e9n a los dem\u00e1s candidatos. Analicen perfiles, se\u00f1alamientos y c\u00f3mo hemos ejercido el uso de recursos p\u00fablicos\u201d.<\/p>\n<p><img loading=\"lazy\" decoding=\"async\" class=\"alignnone wp-image-15950 size-full\" src=\"http:\/\/elobservatorio.com.mx\/wp-content\/uploads\/2021\/04\/mely-con-coparmex-2.jpeg\" alt=\"\" width=\"821\" height=\"547\" srcset=\"http:\/\/elobservatorio.com.mx\/wp-content\/uploads\/2021\/04\/mely-con-coparmex-2.jpeg 821w, http:\/\/elobservatorio.com.mx\/wp-content\/uploads\/2021\/04\/mely-con-coparmex-2-300x200.jpeg 300w, http:\/\/elobservatorio.com.mx\/wp-content\/uploads\/2021\/04\/mely-con-coparmex-2-768x512.jpeg 768w, http:\/\/elobservatorio.com.mx\/wp-content\/uploads\/2021\/04\/mely-con-coparmex-2-600x400.jpeg 600w, http:\/\/elobservatorio.com.mx\/wp-content\/uploads\/2021\/04\/mely-con-coparmex-2-272x182.jpeg 272w\" sizes=\"(max-width: 821px) 100vw, 821px\" \/><\/p>\n","protected":false},"excerpt":{"rendered":"<p>*El presupuesto de Colima se queda en Colima, les dijo la candidata a Gobernadora a integrantes de Coparmex Colima, Col. 14 de abril de 2021.- Ante integrantes de la Confederaci\u00f3n Patronal de la Rep\u00fablica Mexicana (Coparmex) de Colima, Mely Romero Celis, candidata de la Coalici\u00f3n \u201cVa por Colima\u201d a la gubernatura, destac\u00f3 que para la&#8230;<\/p>\n","protected":false},"author":2,"featured_media":15951,"comment_status":"open","ping_status":"open","sticky":false,"template":"","format":"standard","meta":{"footnotes":""},"categories":[52,10],"tags":[29,30,28],"class_list":["post-15949","post","type-post","status-publish","format-standard","has-post-thumbnail","hentry","category-elecciones-2021","category-politica","tag-grid","tag-news","tag-slider"],"_links":{"self":[{"href":"http:\/\/elobservatorio.com.mx\/index.php?rest_route=\/wp\/v2\/posts\/15949"}],"collection":[{"href":"http:\/\/elobservatorio.com.mx\/index.php?rest_route=\/wp\/v2\/posts"}],"about":[{"href":"http:\/\/elobservatorio.com.mx\/index.php?rest_route=\/wp\/v2\/types\/post"}],"author":[{"embeddable":true,"href":"http:\/\/elobservatorio.com.mx\/index.php?rest_route=\/wp\/v2\/users\/2"}],"replies":[{"embeddable":true,"href":"http:\/\/elobservatorio.com.mx\/index.php?rest_route=%2Fwp%2Fv2%2Fcomments&post=15949"}],"version-history":[{"count":0,"href":"http:\/\/elobservatorio.com.mx\/index.php?rest_route=\/wp\/v2\/posts\/15949\/revisions"}],"wp:featuredmedia":[{"embeddable":true,"href":"http:\/\/elobservatorio.com.mx\/index.php?rest_route=\/wp\/v2\/media\/15951"}],"wp:attachment":[{"href":"http:\/\/elobservatorio.com.mx\/index.php?rest_route=%2Fwp%2Fv2%2Fmedia&parent=15949"}],"wp:term":[{"taxonomy":"category","embeddable":true,"href":"http:\/\/elobservatorio.com.mx\/index.php?rest_route=%2Fwp%2Fv2%2Fcategories&post=15949"},{"taxonomy":"post_tag","embeddable":true,"href":"http:\/\/elobservatorio.com.mx\/index.php?rest_route=%2Fwp%2Fv2%2Ftags&post=15949"}],"curies":[{"name":"wp","href":"https:\/\/api.w.org\/{rel}","templated":true}]}}