{"id":16062,"date":"2021-04-23T23:36:07","date_gmt":"2021-04-24T04:36:07","guid":{"rendered":"http:\/\/elobservatorio.com.mx\/?p=16062"},"modified":"2021-04-23T23:36:07","modified_gmt":"2021-04-24T04:36:07","slug":"el-hueco-discurso-de-indira-vizcaino","status":"publish","type":"post","link":"http:\/\/elobservatorio.com.mx\/?p=16062","title":{"rendered":"El hueco Discurso de Indira Vizca\u00edno."},"content":{"rendered":"<p><em>Carlos Ramiro Vargas<\/em><\/p>\n<p>\u00bfEntonces era eso?.\u00a0 A ojos vistos la candidata a la gubernatura por Morena Colima, Indira Vizca\u00edno, impuesta por el dedazo presidencial y sin ninguna encuesta de por medio, ha optado por continuar con su ni tan subrepticia alianza con el pri gobernador colimote, Ignacio Peralta, para imponer como candidatos de Morena a pri\u00edstas de derecha \u00a0por encima de cuadros fundadores morenistas y reconocidos l\u00edderes sociales, como aconteci\u00f3 con la candidatura a la alcald\u00eda de Colima, capital y municipio, otorgada por la tambi\u00e9n hija del conocido ex perredista y comprobado estalinista, Arnoldo Vizca\u00edno Rodr\u00edguez.<\/p>\n<p>Sin mostrar encuesta alguna de por medio, a la ex secretaria de movilidad del gabinete pri peraltista, la muy pri\u00edsta y neoliberal, Gisela M\u00e9ndez, aplastando con ello, las leg\u00edtimas aspiraciones de don Carlos V\u00e1zquez Oldenbourg, -fundador de Morena Colima-,\u00a0 a quien mentirosa y humillantemente Indira le espet\u00f3 p\u00fablicamente en un evento p\u00fablico electorero, que si no confiaba en las autoridades internas de Morena mejor se retirara del partido. S\u00f3lo por el hecho de cuestionar a la Indira por sobre las tardanzas en las definiciones por parte de Morena nacional para las candidaturas a alcald\u00edas y locales diputaciones, y exigirle que mostrara las famosas encuestas.<\/p>\n<p>Otra damnificada por la traici\u00f3n de Indira candidata, a los ciudadanos y morenistas de base, ha sido la reconocida diputada local, Claudia Aguirre, -de lo mejorcito que tiene Morena a nivel estatal-, quien denunci\u00f3 al final las falsedades y manipulaciones de Indira Vizca\u00edno, sobre los procesos de selecci\u00f3n internas. Al igual que lo hizo la Senadora morenista, Griselda Valencia de la Mora.<\/p>\n<p>En otros municipios como es el estrat\u00e9gico Manzanillo, en el cual Griselda Mart\u00ednez, alcaldesa, no sucumbi\u00f3 a las intrigas de Indira con AMLO y gabinete para eliminarla; al querido l\u00edder social H\u00e9ctor Lara, le sucedi\u00f3 lo mismo que a V\u00e1zquez Oldenbourg en Colima, capital, s\u00f3lo que por una diputaci\u00f3n local en la que Indira impuso a una ex empleada del conocido pri\u00edsta y ex alcalde porte\u00f1o, Rogelio Rueda S\u00e1nchez.<\/p>\n<p>Mantener esta alianza de Morena Colima, con el peor pri gobernador que hemos tenido los colimenses, le est\u00e1 saliendo caro y saldr\u00e1 m\u00e1s caro a la poblaci\u00f3n, pues lo que es un hecho es que Indira Vizca\u00edno s\u00f3lo tiene promesas vagas para gobernar, sea en econom\u00eda, seguridad, salud, educaci\u00f3n, cultura, ecolog\u00eda, urbanismo, etc\u00e9tera, mientras Ignacio Peralta y su podrido gabinete hacen lo que quieren con el presupuesto y la gobernanza estatales.<\/p>\n<p>Pero como Indira Vizca\u00edno, y todos los dem\u00e1s morenos de su facci\u00f3n andan en campa\u00f1a electorera, contin\u00faan como desde el 2016, -a\u00f1o en que Indira Vizca\u00edno se convirti\u00f3 en secretaria de programas sociales del gabinete pri peraltista-, sin tocar ni con el p\u00e9talo de un nopal al actual des gobernador colimote, por ninguno de sus excesos y corruptelas; pues el tema del Genocidio pri peraltista que ha hecho que en Colima haya m\u00e1s asesinados que en Colombia del 2016 a la fecha, es evadido por Indira candidata, as\u00ed como el otro genocidio producto de la negligencia y omisiones peraltistas, que ha provocado que en Colima la pandemia del Covid 19 no cese, y nuestro estado adem\u00e1s de padecer una de las m\u00e1s altas mortalidades al respecto, \u00a0oscile entre el rojo y el amarillo, sin llegar nunca al verde.<\/p>\n<p>Acumul\u00e1ndose 10, 700 infectados de enero 2020 a la fecha, y casi mil, 300 fallecidos.<\/p>\n<p>El hecho es que Indira Vizca\u00edno, Vladimir Parra, y su s\u00e9quito, en aras de mantener la alianza con Ignacio Peralta, Genocida, adem\u00e1s de medrar pol\u00edticamente con la pandemia, han mantenido inc\u00f3lume como secretaria de Salud, a la pasante en administraci\u00f3n tur\u00edstica, Leticia Delgado Carrillo, s\u00f3lo por ser hermana de Mario Delgado Carrillo. Hoy, flamante dirigente nacional morenista,\u00a0 y uno de los m\u00e1s ruines y cobardes agresores del Instituto Nacional Electoral. Defensor rabioso adem\u00e1s, del violador y narco pol\u00edtico guerrense, Salgado Macedonio.<\/p>\n<p>De las peticiones que le hizo el sindicato de Salud estatal la semana previa, a la Indira, candidata, no obtuvieron de su parte \u00a0ninguna respuesta.<\/p>\n<p>Y la farsa de donar la mitad del presupuesto partidario de Morena a la secretaria de Salud como pol\u00edtica frente al Covid, adem\u00e1s de demag\u00f3gica pues AMLO sub ejerci\u00f3 el presupuesto federal en la materia en pleno 2020, afecta profundamente al partido, carente de escuelas de cuadros y pol\u00edticas partidario culturales de primer nivel.<\/p>\n<p>La est\u00fapida idea de no sancionar desde inicios del Covid 19 en Colima, a quienes no usaran cubrebocas y respetaran los protocolos al respecto, porque como dec\u00eda el merolico de AMLO, Vladimir Parra, se afectan los derechos constitucionales de libre tr\u00e1nsito de la ciudadan\u00eda, es la mejor muestra de la incompetencia morenista en este grave problema que tan caro le ha salido a la econom\u00eda y sociedad estatales.<\/p>\n<p>Pero mientras Indira Vizca\u00edno y su s\u00e9quito andan en campa\u00f1a, no se dan por enterados que s\u00f3lo en 2020, Ignacio Peralta endeud\u00f3 a Colima con un mil, 700 millones de pesos, con diez cr\u00e9ditos solicitados a la banca privada, y avalados por el gobierno federal, pero sin que hasta la fecha Ignacio Peralta haya hecho transparente el manejo de tales recursos. Deuda que supera ya los seis mil millones de pesos. Y hace inviable financieramente al gobierno y estado de Colima del 2022 en adelante.<\/p>\n<p>Pero dice Indira que en su gobierno no se tolerara la corrupci\u00f3n. Aunque su tolerancia hacia el pri peraltismo sea infinita como podemos ver.<\/p>\n<p>As\u00ed las cosas, el retorno de Arnoldo Ochoa Gonz\u00e1lez, ex gobernador interino, y ex secretario general de gobierno pri peraltista, a la pol\u00edtica estatal, como secretario del PRI y m\u00e1ximo asesor de campa\u00f1a de Mely Romero, la candidata pri\u00edsta a la gubernatura, es un retorno retador al gobierno de AMLO y a Morena; aunque al parecer, ni Indira Vizca\u00edno ni su Morena, ni el demagogo de Vladimir Parra, le recuerdan a Ochoa Gonz\u00e1lez, que el caso de los siete polic\u00edas locales asesinados en el estado de Jalisco, y destazados por el CJNG, NO ha sido aclarado, como no se ha aclarado tampoco que andaban haciendo en Encarnaci\u00f3n de D\u00edaz, Jalisco, el padre y hermano de Rogelio Rueda, y otros connotados empresarios mineros, \u00a0en uno de los territorios m\u00e1s consolidados del Mencho.<\/p>\n<p>Como tampoco ha aclarado el caso del ni\u00f1o violado y asesinado en una orgia del gabinete peraltista en aquella mansi\u00f3n del ex secretario de turismo, hace dos a\u00f1os, protegido en su huida por Peralta y Ochoa Gonz\u00e1lez. Lo que los vuelve c\u00f3mplices jur\u00eddica y penalmente del crimen.<\/p>\n<p>Tampoco ha dado cuenta de los casi 4 mil, 500 ejecutados, mil, 500 desaparecidos y 800 feminicidios, desde que empez\u00f3 en 2016 este r\u00e9gimen Genocida.<\/p>\n<p>Y como colof\u00f3n de esta grotesca situaci\u00f3n en la que ni Indira Vizca\u00edno ni su Morena, son lo que parecen, sino todo un PRIMOR, \u00a0el in\u00fatil presidente estatal de Morena, Sergio Jim\u00e9nez \u00a0Bojado, quien arroj\u00f3 decenas de huevazos contra Indira candidata, a la gubernatura, apenas se entero de su candidatura hecha oficial; hoy, como vil ladr\u00f3n y porro carro\u00f1ero que es, del quinto lugar al que hab\u00eda sido asignado en la lista de plurinominales, se coloc\u00f3 chapuceramente en el lugar numero uno. Para as\u00ed asegurar su hueso en la siguiente legislatura estatal\u2026<\/p>\n<p><em>Carlos Ramiro Vargas. Todos los derechos reservados. Stockholm. Sweden. 23 de abril, 2021.<\/em><\/p>\n<p>&nbsp;<\/p>\n","protected":false},"excerpt":{"rendered":"<p>Carlos Ramiro Vargas \u00bfEntonces era eso?.\u00a0 A ojos vistos la candidata a la gubernatura por Morena Colima, Indira Vizca\u00edno, impuesta por el dedazo presidencial y sin ninguna encuesta de por medio, ha optado por continuar con su ni tan subrepticia alianza con el pri gobernador colimote, Ignacio Peralta, para imponer como candidatos de Morena a&#8230;<\/p>\n","protected":false},"author":2,"featured_media":6370,"comment_status":"open","ping_status":"open","sticky":false,"template":"","format":"standard","meta":{"footnotes":""},"categories":[11],"tags":[29,30,28],"class_list":["post-16062","post","type-post","status-publish","format-standard","has-post-thumbnail","hentry","category-opinion","tag-grid","tag-news","tag-slider"],"_links":{"self":[{"href":"http:\/\/elobservatorio.com.mx\/index.php?rest_route=\/wp\/v2\/posts\/16062"}],"collection":[{"href":"http:\/\/elobservatorio.com.mx\/index.php?rest_route=\/wp\/v2\/posts"}],"about":[{"href":"http:\/\/elobservatorio.com.mx\/index.php?rest_route=\/wp\/v2\/types\/post"}],"author":[{"embeddable":true,"href":"http:\/\/elobservatorio.com.mx\/index.php?rest_route=\/wp\/v2\/users\/2"}],"replies":[{"embeddable":true,"href":"http:\/\/elobservatorio.com.mx\/index.php?rest_route=%2Fwp%2Fv2%2Fcomments&post=16062"}],"version-history":[{"count":0,"href":"http:\/\/elobservatorio.com.mx\/index.php?rest_route=\/wp\/v2\/posts\/16062\/revisions"}],"wp:featuredmedia":[{"embeddable":true,"href":"http:\/\/elobservatorio.com.mx\/index.php?rest_route=\/wp\/v2\/media\/6370"}],"wp:attachment":[{"href":"http:\/\/elobservatorio.com.mx\/index.php?rest_route=%2Fwp%2Fv2%2Fmedia&parent=16062"}],"wp:term":[{"taxonomy":"category","embeddable":true,"href":"http:\/\/elobservatorio.com.mx\/index.php?rest_route=%2Fwp%2Fv2%2Fcategories&post=16062"},{"taxonomy":"post_tag","embeddable":true,"href":"http:\/\/elobservatorio.com.mx\/index.php?rest_route=%2Fwp%2Fv2%2Ftags&post=16062"}],"curies":[{"name":"wp","href":"https:\/\/api.w.org\/{rel}","templated":true}]}}