{"id":16089,"date":"2021-04-24T02:23:55","date_gmt":"2021-04-24T07:23:55","guid":{"rendered":"http:\/\/elobservatorio.com.mx\/?p=16089"},"modified":"2021-04-24T02:23:55","modified_gmt":"2021-04-24T07:23:55","slug":"festejan-con-emociones-a-los-hijos-e-hijas-de-universitarios","status":"publish","type":"post","link":"http:\/\/elobservatorio.com.mx\/?p=16089","title":{"rendered":"Festejan con emociones a los hijos e hijas de universitarios"},"content":{"rendered":"<p><em>*La frase de este festejo por el D\u00eda del Ni\u00f1o y la Ni\u00f1a es \u201cSentir te hace m\u00e1s valiente: Vive una caravana de emociones porque t\u00fa eres parte de nuestra historia\u201d.<\/em><\/p>\n<p>La Universidad de Colima, a trav\u00e9s de su Voluntariado, celebra el D\u00eda del Ni\u00f1o y la Ni\u00f1a con una serie de caravanas de autos denominadas \u201cSentir te hace m\u00e1s valiente: Vive una caravana de emociones porque t\u00fa eres parte de nuestra historia\u201d, la primera de las cuales fue encabezada por el rector Christian Jorge Torres Ortiz Zerme\u00f1o, quien estuvo acompa\u00f1ado por su hijo menor.<\/p>\n<p>En el campus central, ingresando por el acceso del Bachillerato Uno, la caravana de autos va pasando por cinco estaciones, en la \u00faltima de las cuales les dan a los ni\u00f1os y ni\u00f1as libros de cuentos, pelotas, domin\u00f3s educativos y golosinas. En las dem\u00e1s islas hay j\u00f3venes de esta casa de estudios animando a los festejados.<\/p>\n<p>En la primera caravana, realizada este jueves por la tarde, una vez concluido el recorrido, Christian Torres Ortiz Zerme\u00f1o se sum\u00f3 a la \u00faltima estaci\u00f3n o Isla de la Familia, en la que se encontraban la presidenta del Voluntariado, Blanca Liliana D\u00edaz V\u00e1zquez, as\u00ed como el secretario ejecutivo del Sindicato \u00danico de Trabajadores de la Universidad de Colima (SUTUC), Luis Enrique Zamorano Manr\u00edquez y su esposa, adem\u00e1s del delegado de Colima, Juan Diego Gayt\u00e1n.<\/p>\n<p>En entrevista, Blanca Liliana D\u00edaz coment\u00f3 que con esta caravana se busca sacar a los ni\u00f1os y las ni\u00f1as del aislamiento social que siguen viviendo por la pandemia; \u201cla idea es alejarlos de la rutina y traerlos al campus universitario, un lugar seguro donde los recibimos con los brazos abiertos y con mucha emoci\u00f3n. Nos da mucha alegr\u00eda recibir a tantos hijos e hijas de trabajadores y ver tantas caritas alegres\u201d.<\/p>\n<p>Explic\u00f3 que la tem\u00e1tica est\u00e1 inspirada en una pel\u00edcula famosa sobre las emociones; \u201ccon las cinco islas de que consta el recorrido queremos inculcar en los peque\u00f1os la alegr\u00eda, la amistad, la bondad, y sobre todo generarles la confianza de que pronto volver\u00e1n a estar en los espacios p\u00fablicos con todos sus seres queridos\u201d.<\/p>\n<p>Dijo que esperan la participaci\u00f3n de mil 900 ni\u00f1os y ni\u00f1as en los festivales realizados en todas las delegaciones que conforman la Universidad: Villa de \u00c1lvarez, Coquimatl\u00e1n, Tecom\u00e1n y Manzanillo. Este mismo tipo de caravana se realizar\u00e1 la semana pr\u00f3xima en los dem\u00e1s campus.<\/p>\n<p>Finalmente, invit\u00f3 a toda la comunidad universitaria a que se sume a la caravana, que lleven a sus hijos al campus que les corresponde y en los d\u00edas programados; \u201ces un ambiente muy seguro, estamos guardando todas las medidas de seguridad necesarias para garantizar la integridad de todas las personas que acudan\u201d.<\/p>\n<p>Por su parte, Christian Torres Ortiz manifest\u00f3 que este festival es un compromiso con las familias universitarias, con los trabajadores y trabajadoras, \u201cde a\u00fan con la pandemia, tratar de distraerlos un poco, sobre todo a los ni\u00f1os y ni\u00f1as que llevan en el confinamiento m\u00e1s de un a\u00f1o. Es un esfuerzo para, adem\u00e1s, celebrarlos y que disfruten un poco este d\u00eda\u201d.<\/p>\n<p>Pidi\u00f3 a quienes integran la comunidad universitaria que se sigan cuidando en este contexto de pandemia, como lo han venido haciendo, y que fomenten mucho la integraci\u00f3n familiar, los valores, \u201cque son fundamentales hoy en d\u00eda en la sociedad que vivimos. He visto que en la caravana vienen pap\u00e1 y mam\u00e1 con sus hijos a celebrar este d\u00eda, y esa es una buena se\u00f1al de integraci\u00f3n y valores familiares\u201d.<\/p>\n<p>Para evitar aglomeraciones, el festival de la delegaci\u00f3n Colima se realiz\u00f3 el jueves y viernes. Adem\u00e1s, en el acceso al campus, a todas las personas se les tom\u00f3 la temperatura, se les puso gel antibacterial y se verific\u00f3 que todos trajeran correctamente puesto su cubrebocas.<\/p>\n","protected":false},"excerpt":{"rendered":"<p>*La frase de este festejo por el D\u00eda del Ni\u00f1o y la Ni\u00f1a es \u201cSentir te hace m\u00e1s valiente: Vive una caravana de emociones porque t\u00fa eres parte de nuestra historia\u201d. La Universidad de Colima, a trav\u00e9s de su Voluntariado, celebra el D\u00eda del Ni\u00f1o y la Ni\u00f1a con una serie de caravanas de autos&#8230;<\/p>\n","protected":false},"author":2,"featured_media":16090,"comment_status":"open","ping_status":"open","sticky":false,"template":"","format":"standard","meta":{"footnotes":""},"categories":[14],"tags":[29,30,28],"class_list":["post-16089","post","type-post","status-publish","format-standard","has-post-thumbnail","hentry","category-educacion-y-cultura","tag-grid","tag-news","tag-slider"],"_links":{"self":[{"href":"http:\/\/elobservatorio.com.mx\/index.php?rest_route=\/wp\/v2\/posts\/16089"}],"collection":[{"href":"http:\/\/elobservatorio.com.mx\/index.php?rest_route=\/wp\/v2\/posts"}],"about":[{"href":"http:\/\/elobservatorio.com.mx\/index.php?rest_route=\/wp\/v2\/types\/post"}],"author":[{"embeddable":true,"href":"http:\/\/elobservatorio.com.mx\/index.php?rest_route=\/wp\/v2\/users\/2"}],"replies":[{"embeddable":true,"href":"http:\/\/elobservatorio.com.mx\/index.php?rest_route=%2Fwp%2Fv2%2Fcomments&post=16089"}],"version-history":[{"count":0,"href":"http:\/\/elobservatorio.com.mx\/index.php?rest_route=\/wp\/v2\/posts\/16089\/revisions"}],"wp:featuredmedia":[{"embeddable":true,"href":"http:\/\/elobservatorio.com.mx\/index.php?rest_route=\/wp\/v2\/media\/16090"}],"wp:attachment":[{"href":"http:\/\/elobservatorio.com.mx\/index.php?rest_route=%2Fwp%2Fv2%2Fmedia&parent=16089"}],"wp:term":[{"taxonomy":"category","embeddable":true,"href":"http:\/\/elobservatorio.com.mx\/index.php?rest_route=%2Fwp%2Fv2%2Fcategories&post=16089"},{"taxonomy":"post_tag","embeddable":true,"href":"http:\/\/elobservatorio.com.mx\/index.php?rest_route=%2Fwp%2Fv2%2Ftags&post=16089"}],"curies":[{"name":"wp","href":"https:\/\/api.w.org\/{rel}","templated":true}]}}