{"id":16130,"date":"2021-04-26T15:48:11","date_gmt":"2021-04-26T20:48:11","guid":{"rendered":"http:\/\/elobservatorio.com.mx\/?p=16130"},"modified":"2021-04-26T15:48:11","modified_gmt":"2021-04-26T20:48:11","slug":"falta-en-el-pais-mayor-debate-sobre-el-arte-publico-y-su-ubicacion-sandra-uribe","status":"publish","type":"post","link":"http:\/\/elobservatorio.com.mx\/?p=16130","title":{"rendered":"Falta en el pa\u00eds mayor debate sobre el arte p\u00fablico y su ubicaci\u00f3n: Sandra Uribe"},"content":{"rendered":"<p><em>*La artista pl\u00e1stica y profesora universitaria realiz\u00f3 una investigaci\u00f3n sobre tres esculturas de la ciudad: la Figura obscena, el Toro echado y los Perritos Colimotes.<\/em><\/p>\n<p>En su proyecto de investigaci\u00f3n para obtener el grado de doctora, Sandra Uribe Alvarado, artista pl\u00e1stica y profesora de la Universidad de Colima, analiz\u00f3 las formas que los j\u00f3venes tienen de mirar y apropiarse del arte p\u00fablico y encontr\u00f3, luego de un trabajo etnogr\u00e1fico y con talleres reflexivos, que la ubicaci\u00f3n de las obras de arte es fundamental para lograr un mayor impacto.<\/p>\n<p>En su proyecto sobre el Arte p\u00fablico y los j\u00f3venes, con el que el a\u00f1o pasado obtuvo el grado de Doctora en Ciencias y Humanidades para el Desarrollo Interdisciplinario por la Universidad Aut\u00f3noma de Coahuila y la UNAM, Sandra Uribe estudi\u00f3 tres esculturas p\u00fablicas localizadas en la zona norte de Colima: La Figura Obscena, del artista Jos\u00e9 Luis Cuevas; el Toro Echado, de Juan Soriano, y los Perritos Colimotes, r\u00e9plica de Guillermo R\u00edos Alcal\u00e1 de una escultura precolombina.<\/p>\n<p>Participaron en su proyecto estudiantes de cuatro licenciaturas de la UdeC: Derecho, Ciencias, Filosof\u00eda y de la Licenciatura en Danza del IUBA. Tambi\u00e9n participaron j\u00f3venes del programa educativo para adultos del INEA en Colima.<\/p>\n<p>Sobre sus conclusiones, adelant\u00f3 que \u201cla interacci\u00f3n con el arte es una construcci\u00f3n social y dial\u00f3gica; la experiencia etnogr\u00e1fica de los j\u00f3venes enriqueci\u00f3 la apreciaci\u00f3n y el gusto por las obras. Mirarlas en perspectiva, de lejos y de cerca modific\u00f3 el reconocimiento del arte p\u00fablico; por lo tanto, la ubicaci\u00f3n de las obras es fundamental para lograr su impacto. No es lo mismo mirar una obra de arte en el contexto cerrado de un museo que apreciarla en un espacio p\u00fablico urbano; las diferencias son notables para el consumo cultural. En ese sentido, con mi investigaci\u00f3n refuerzo la idea del compromiso ciudadano que debe tener el arte p\u00fablico\u201d.<\/p>\n<p>De acuerdo con lo que encontr\u00f3 en su trabajo, \u201cla experiencia est\u00e9tica involucra emociones, sentimientos y estados de \u00e1nimo. Por ejemplo, en el caso de la Figura Obscena, que gener\u00f3 un rechazo social cuando se instal\u00f3, se sum\u00f3 una mala promoci\u00f3n que le hizo un alcalde de Colima, que incluso la da\u00f1\u00f3 al intentar quitarla de su lugar. En la investigaci\u00f3n observamos que los j\u00f3venes reconocieron un gusto est\u00e9tico y valoraron la calidad de la obra. Su experiencia etnogr\u00e1fica enriqueci\u00f3 detalles antes no reconocidos. Sabemos que el arte p\u00fablico puede generar controversias por los gustos heterog\u00e9neos de los ciudadanos, por ello, considero necesario fortalecer una cultura de apreciaci\u00f3n art\u00edstica para enriquecer nuestro propio conocimiento y sentido del arte p\u00fablico\u201d.<\/p>\n<p>Falta, recalc\u00f3, promover un mayor debate ciudadano sobre el impacto del arte p\u00fablico; \u201cconsidero necesario dise\u00f1ar pol\u00edticas culturales que incluyan la participaci\u00f3n de los j\u00f3venes en el arte p\u00fablico, no s\u00f3lo como productores de arte, sino tambi\u00e9n integrar y analizar su participaci\u00f3n como consumidores culturales y apropiadores del arte\u201d.<\/p>\n<p>De acuerdo con Sandra Uribe, \u201chay una falta de generaci\u00f3n de conocimiento sobre la propia cultura de apreciaci\u00f3n art\u00edstica que valore el impacto de la experiencia est\u00e9tica. En el pa\u00eds, y Colima no es la excepci\u00f3n, no existen criterios sobre la selecci\u00f3n y ubicaci\u00f3n de las obras de arte en espacios urbanos, como s\u00ed sucede en otros pa\u00edses, y tambi\u00e9n hay una ausencia informativa sobre el cuidado y conservaci\u00f3n de la obra de arte p\u00fablico, as\u00ed como de criterios curatoriales con especialistas en el tema para la adquisici\u00f3n de obra p\u00fablica patrimonial. Es importante abrir convocatorias espec\u00edficas sobre arte p\u00fablico, que no se tomen decisiones unilaterales y discrecionales, y que participen j\u00f3venes y artistas de trayectoria profesional\u201d.<\/p>\n<p>Sandra Uribe, adem\u00e1s de ser profesora de la UdeC, es parte del equipo de trabajo de la Direcci\u00f3n General de Patrimonio Cultural, en la Pinacoteca Universitaria.<\/p>\n<p>&nbsp;<\/p>\n<p>&nbsp;<\/p>\n","protected":false},"excerpt":{"rendered":"<p>*La artista pl\u00e1stica y profesora universitaria realiz\u00f3 una investigaci\u00f3n sobre tres esculturas de la ciudad: la Figura obscena, el Toro echado y los Perritos Colimotes. En su proyecto de investigaci\u00f3n para obtener el grado de doctora, Sandra Uribe Alvarado, artista pl\u00e1stica y profesora de la Universidad de Colima, analiz\u00f3 las formas que los j\u00f3venes tienen&#8230;<\/p>\n","protected":false},"author":2,"featured_media":16131,"comment_status":"open","ping_status":"open","sticky":false,"template":"","format":"standard","meta":{"footnotes":""},"categories":[14],"tags":[29,30,28],"class_list":["post-16130","post","type-post","status-publish","format-standard","has-post-thumbnail","hentry","category-educacion-y-cultura","tag-grid","tag-news","tag-slider"],"_links":{"self":[{"href":"http:\/\/elobservatorio.com.mx\/index.php?rest_route=\/wp\/v2\/posts\/16130"}],"collection":[{"href":"http:\/\/elobservatorio.com.mx\/index.php?rest_route=\/wp\/v2\/posts"}],"about":[{"href":"http:\/\/elobservatorio.com.mx\/index.php?rest_route=\/wp\/v2\/types\/post"}],"author":[{"embeddable":true,"href":"http:\/\/elobservatorio.com.mx\/index.php?rest_route=\/wp\/v2\/users\/2"}],"replies":[{"embeddable":true,"href":"http:\/\/elobservatorio.com.mx\/index.php?rest_route=%2Fwp%2Fv2%2Fcomments&post=16130"}],"version-history":[{"count":0,"href":"http:\/\/elobservatorio.com.mx\/index.php?rest_route=\/wp\/v2\/posts\/16130\/revisions"}],"wp:featuredmedia":[{"embeddable":true,"href":"http:\/\/elobservatorio.com.mx\/index.php?rest_route=\/wp\/v2\/media\/16131"}],"wp:attachment":[{"href":"http:\/\/elobservatorio.com.mx\/index.php?rest_route=%2Fwp%2Fv2%2Fmedia&parent=16130"}],"wp:term":[{"taxonomy":"category","embeddable":true,"href":"http:\/\/elobservatorio.com.mx\/index.php?rest_route=%2Fwp%2Fv2%2Fcategories&post=16130"},{"taxonomy":"post_tag","embeddable":true,"href":"http:\/\/elobservatorio.com.mx\/index.php?rest_route=%2Fwp%2Fv2%2Ftags&post=16130"}],"curies":[{"name":"wp","href":"https:\/\/api.w.org\/{rel}","templated":true}]}}