{"id":16155,"date":"2021-04-26T23:03:52","date_gmt":"2021-04-27T04:03:52","guid":{"rendered":"http:\/\/elobservatorio.com.mx\/?p=16155"},"modified":"2021-04-26T23:03:52","modified_gmt":"2021-04-27T04:03:52","slug":"fomentar-el-consumo-local-roberto-verduzco","status":"publish","type":"post","link":"http:\/\/elobservatorio.com.mx\/?p=16155","title":{"rendered":"Fomentar el consumo local: Roberto Verduzco"},"content":{"rendered":"<p>Tecom\u00e1n, Col. \u201cLo que m\u00e1s nos pide la ciudadan\u00eda en los recorridos casa por casa que hemos venido realizando, son principalmente la seguridad, el alumbrado es lo que m\u00e1s le pega a la poblaci\u00f3n, falta de agua, y como saben tenemos entre nuestra planilla un elemento que conoce perfectamente este tema hidr\u00e1ulico como es el ingeniero Gerardo Cruz, quien es una persona que nos ayuda mucho y tiene adem\u00e1s del conocimiento las ganas de ayudar a la poblaci\u00f3n\u201d.<\/p>\n<p>Lo anterior fue externado por Roberto Verduzco Espinoza, candidato a la presidencia municipal de Tecom\u00e1n por Movimiento Ciudadano, quien adem\u00e1s agreg\u00f3 que se debe capacitar a la gente en diferentes oficios para poder solventar los gastos en sus hogares y mejorar su situaci\u00f3n.<\/p>\n<p>En relaci\u00f3n de apoyar a los comerciantes, manifest\u00f3 que como persona le apuesta al consumo local, \u201ctenemos que consumir nosotros mismos lo que hay, eso va a generar riqueza entre la misma poblaci\u00f3n, este es un tema que tenemos que fomentar, estiraremos el presupuesto para poder generar peque\u00f1os comercios que mantienen perfectamente a una familia\u201d.<\/p>\n<p>\u201cComo lo he mencionado con anterioridad, debemos hacer que presupuesto de verdad se aplique como debe ser, que no se desv\u00ede para otro lado, es algo que tenemos que cuidar, y para eso debemos ver bien quienes formar\u00e1n parte de la administraci\u00f3n, se debe contar con los perfiles adecuados, gente muy preparada, pero lo m\u00e1s importante es gente que sea honesta, gente comprometida, ciudadanos con solvencia moral lo que es muy importante, esa gente que diga esto no es m\u00edo es de todos y ponerlo en donde va\u201d.<\/p>\n<p>Roberto Verduzco para finalizar hace hincapi\u00e9 en que el pr\u00f3ximo 6 de junio salgan a votar con civilidad y respeto, que analicen el voto y que emitan su sufragio por la mejor opci\u00f3n.<\/p>\n","protected":false},"excerpt":{"rendered":"<p>Tecom\u00e1n, Col. \u201cLo que m\u00e1s nos pide la ciudadan\u00eda en los recorridos casa por casa que hemos venido realizando, son principalmente la seguridad, el alumbrado es lo que m\u00e1s le pega a la poblaci\u00f3n, falta de agua, y como saben tenemos entre nuestra planilla un elemento que conoce perfectamente este tema hidr\u00e1ulico como es el&#8230;<\/p>\n","protected":false},"author":2,"featured_media":16156,"comment_status":"open","ping_status":"open","sticky":false,"template":"","format":"standard","meta":{"footnotes":""},"categories":[52,10,34],"tags":[29,30,28],"class_list":["post-16155","post","type-post","status-publish","format-standard","has-post-thumbnail","hentry","category-elecciones-2021","category-politica","category-tecoman","tag-grid","tag-news","tag-slider"],"_links":{"self":[{"href":"http:\/\/elobservatorio.com.mx\/index.php?rest_route=\/wp\/v2\/posts\/16155"}],"collection":[{"href":"http:\/\/elobservatorio.com.mx\/index.php?rest_route=\/wp\/v2\/posts"}],"about":[{"href":"http:\/\/elobservatorio.com.mx\/index.php?rest_route=\/wp\/v2\/types\/post"}],"author":[{"embeddable":true,"href":"http:\/\/elobservatorio.com.mx\/index.php?rest_route=\/wp\/v2\/users\/2"}],"replies":[{"embeddable":true,"href":"http:\/\/elobservatorio.com.mx\/index.php?rest_route=%2Fwp%2Fv2%2Fcomments&post=16155"}],"version-history":[{"count":0,"href":"http:\/\/elobservatorio.com.mx\/index.php?rest_route=\/wp\/v2\/posts\/16155\/revisions"}],"wp:featuredmedia":[{"embeddable":true,"href":"http:\/\/elobservatorio.com.mx\/index.php?rest_route=\/wp\/v2\/media\/16156"}],"wp:attachment":[{"href":"http:\/\/elobservatorio.com.mx\/index.php?rest_route=%2Fwp%2Fv2%2Fmedia&parent=16155"}],"wp:term":[{"taxonomy":"category","embeddable":true,"href":"http:\/\/elobservatorio.com.mx\/index.php?rest_route=%2Fwp%2Fv2%2Fcategories&post=16155"},{"taxonomy":"post_tag","embeddable":true,"href":"http:\/\/elobservatorio.com.mx\/index.php?rest_route=%2Fwp%2Fv2%2Ftags&post=16155"}],"curies":[{"name":"wp","href":"https:\/\/api.w.org\/{rel}","templated":true}]}}