{"id":16200,"date":"2021-04-29T13:00:01","date_gmt":"2021-04-29T18:00:01","guid":{"rendered":"http:\/\/elobservatorio.com.mx\/?p=16200"},"modified":"2021-04-29T13:00:01","modified_gmt":"2021-04-29T18:00:01","slug":"en-coalatilla-detiene-fge-a-hombre-con-cartuchos-y-narcoticos","status":"publish","type":"post","link":"http:\/\/elobservatorio.com.mx\/?p=16200","title":{"rendered":"En Coalatilla, detiene FGE a hombre con cartuchos y narc\u00f3ticos"},"content":{"rendered":"<p>Agentes de la Polic\u00eda Investigadora de la Fiscal\u00eda General del Estado (FGE), detuvieron en flagrancia a un hombre de 23 a\u00f1os de edad por delitos contra la Salud y Violaci\u00f3n a la Ley Federal de Armas de Fuego y Explosivos, en el municipio de Armer\u00eda.<\/p>\n<p>La detenci\u00f3n se dio cuando agentes de la FGE realizaban actos de investigaci\u00f3n y prevenci\u00f3n del delito en la poblaci\u00f3n de Coalatilla y al momento de circular por el \u00e1rea conocida como el \u201cPlay\u00f3n\u201d identificaron al referido; tras su inspecci\u00f3n, localizaron en la mochila que portaba, diversos cartuchos \u00fatiles, cargadores, narc\u00f3ticos y un pasamonta\u00f1as.<\/p>\n<p>Los indicios y el imputado fueron asegurados por la autoridad ministerial para las investigaciones correspondientes.<\/p>\n<p>Ante cualquier acto delictivo, se invita a la poblaci\u00f3n a reportarlo a las autoridades, a trav\u00e9s de las l\u00edneas 089 de denuncia an\u00f3nima y 911 para emergencias.<\/p>\n","protected":false},"excerpt":{"rendered":"<p>Agentes de la Polic\u00eda Investigadora de la Fiscal\u00eda General del Estado (FGE), detuvieron en flagrancia a un hombre de 23 a\u00f1os de edad por delitos contra la Salud y Violaci\u00f3n a la Ley Federal de Armas de Fuego y Explosivos, en el municipio de Armer\u00eda. La detenci\u00f3n se dio cuando agentes de la FGE realizaban&#8230;<\/p>\n","protected":false},"author":2,"featured_media":16201,"comment_status":"open","ping_status":"open","sticky":false,"template":"","format":"standard","meta":{"footnotes":""},"categories":[15],"tags":[29,30,28],"class_list":["post-16200","post","type-post","status-publish","format-standard","has-post-thumbnail","hentry","category-seguridad-y-justicia","tag-grid","tag-news","tag-slider"],"_links":{"self":[{"href":"http:\/\/elobservatorio.com.mx\/index.php?rest_route=\/wp\/v2\/posts\/16200"}],"collection":[{"href":"http:\/\/elobservatorio.com.mx\/index.php?rest_route=\/wp\/v2\/posts"}],"about":[{"href":"http:\/\/elobservatorio.com.mx\/index.php?rest_route=\/wp\/v2\/types\/post"}],"author":[{"embeddable":true,"href":"http:\/\/elobservatorio.com.mx\/index.php?rest_route=\/wp\/v2\/users\/2"}],"replies":[{"embeddable":true,"href":"http:\/\/elobservatorio.com.mx\/index.php?rest_route=%2Fwp%2Fv2%2Fcomments&post=16200"}],"version-history":[{"count":0,"href":"http:\/\/elobservatorio.com.mx\/index.php?rest_route=\/wp\/v2\/posts\/16200\/revisions"}],"wp:featuredmedia":[{"embeddable":true,"href":"http:\/\/elobservatorio.com.mx\/index.php?rest_route=\/wp\/v2\/media\/16201"}],"wp:attachment":[{"href":"http:\/\/elobservatorio.com.mx\/index.php?rest_route=%2Fwp%2Fv2%2Fmedia&parent=16200"}],"wp:term":[{"taxonomy":"category","embeddable":true,"href":"http:\/\/elobservatorio.com.mx\/index.php?rest_route=%2Fwp%2Fv2%2Fcategories&post=16200"},{"taxonomy":"post_tag","embeddable":true,"href":"http:\/\/elobservatorio.com.mx\/index.php?rest_route=%2Fwp%2Fv2%2Ftags&post=16200"}],"curies":[{"name":"wp","href":"https:\/\/api.w.org\/{rel}","templated":true}]}}