{"id":16429,"date":"2021-05-19T13:38:07","date_gmt":"2021-05-19T18:38:07","guid":{"rendered":"http:\/\/elobservatorio.com.mx\/?p=16429"},"modified":"2021-05-19T13:38:07","modified_gmt":"2021-05-19T18:38:07","slug":"la-4t-es-del-pueblo-no-de-un-partido-las-instituciones-deben-obedecerle-anilu-salazar","status":"publish","type":"post","link":"http:\/\/elobservatorio.com.mx\/?p=16429","title":{"rendered":"La 4T es del pueblo no de un partido; las instituciones deben obedecerle: Anil\u00fa Salazar"},"content":{"rendered":"<div class=\"kvgmc6g5 cxmmr5t8 oygrvhab hcukyx3x c1et5uql ii04i59q\">\n<div dir=\"auto\"><em>*Anil\u00fa Salazar ayudar\u00e1 a quienes viven junto a las v\u00edas del tren a que tengan energ\u00eda electrica<\/em><\/div>\n<div dir=\"auto\"><\/div>\n<div dir=\"auto\">A solicitud expresa de vecinos de la colonia Mirador de la Cumbre que viven cerca de la v\u00eda del tren, la candidata del Partido del Trabajo (PT) a Diputada Federal Distrito 01 Colima, Anil\u00fa Salazar, se comprometi\u00f3 a ayudarlos para que la CFE les coloque una mufa y puedan tener su propios contratos de energ\u00eda el\u00e9ctrica.<\/div>\n<\/div>\n<div class=\"o9v6fnle cxmmr5t8 oygrvhab hcukyx3x c1et5uql ii04i59q\">\n<div dir=\"auto\"><\/div>\n<div dir=\"auto\">A invitaci\u00f3n de la se\u00f1ora Rosario, quien desde hace 6 a\u00f1os vive en este lugar sin tener luz propia y que al igual que a otros vecinos de la Zona les dicen que no pueden tener este servicio, la candidata se comprometi\u00f3 a ayudarlos y conocer el motivo de esta falta de atenci\u00f3n de la paraestatal.<\/div>\n<div dir=\"auto\"><\/div>\n<div dir=\"auto\">Al lugar se present\u00f3 la candidata con su equipo de asesores, entre ellos la abogada Nicol Vargova, quien explic\u00f3 que se puede hacer un procedimiento de jurisdicci\u00f3n voluntaria para que la CFE reconozca a estas personas como sujetos de derecho.<\/div>\n<div dir=\"auto\">Adem\u00e1s se explic\u00f3 que el terreno donde se encuentran las viviendas est\u00e1 fuera de los l\u00edmites federales, ya que se trata de una franja que dej\u00f3 como reserva el Instituto de Suelo, Urbanizaci\u00f3n y Vivienda (Insuvi) por lo que no hay problema de que les doten del servicio de energ\u00eda el\u00e9ctrica.<\/div>\n<div dir=\"auto\"><\/div>\n<div dir=\"auto\">La candidata sostuvo que la uni\u00f3n hace la fuerza, por lo que organizar\u00e1 a los vecinos de esta zona y quienes m\u00e1s pasen por esta situaci\u00f3n, para que se hagan valer sus derechos y no vivan en condiciones infrahumanas, sino con toda calidad de vida como con sus recursos les sea posible.<\/div>\n<div dir=\"auto\"><\/div>\n<div dir=\"auto\">Destac\u00f3 que est\u00e1 del lado de los desprotegidos porque hay muchos rezagos sociales que deben solucionarse y solo se necesita una persona atenta e inteligente que prenda la chispa del cambio que la gente necesita.<\/div>\n<div dir=\"auto\"><\/div>\n<div dir=\"auto\">La 4T es el pueblo manda, el Gobierno obedece, as\u00ed que la CFE debe garantizar el acceso de estas familias a la luz y el Estado el derecho que ellas tienen a una vivienda digna.<\/div>\n<\/div>\n","protected":false},"excerpt":{"rendered":"<p>*Anil\u00fa Salazar ayudar\u00e1 a quienes viven junto a las v\u00edas del tren a que tengan energ\u00eda electrica A solicitud expresa de vecinos de la colonia Mirador de la Cumbre que viven cerca de la v\u00eda del tren, la candidata del Partido del Trabajo (PT) a Diputada Federal Distrito 01 Colima, Anil\u00fa Salazar, se comprometi\u00f3 a&#8230;<\/p>\n","protected":false},"author":2,"featured_media":16430,"comment_status":"open","ping_status":"open","sticky":false,"template":"","format":"standard","meta":{"footnotes":""},"categories":[52,10],"tags":[29,30,28],"class_list":["post-16429","post","type-post","status-publish","format-standard","has-post-thumbnail","hentry","category-elecciones-2021","category-politica","tag-grid","tag-news","tag-slider"],"_links":{"self":[{"href":"http:\/\/elobservatorio.com.mx\/index.php?rest_route=\/wp\/v2\/posts\/16429"}],"collection":[{"href":"http:\/\/elobservatorio.com.mx\/index.php?rest_route=\/wp\/v2\/posts"}],"about":[{"href":"http:\/\/elobservatorio.com.mx\/index.php?rest_route=\/wp\/v2\/types\/post"}],"author":[{"embeddable":true,"href":"http:\/\/elobservatorio.com.mx\/index.php?rest_route=\/wp\/v2\/users\/2"}],"replies":[{"embeddable":true,"href":"http:\/\/elobservatorio.com.mx\/index.php?rest_route=%2Fwp%2Fv2%2Fcomments&post=16429"}],"version-history":[{"count":0,"href":"http:\/\/elobservatorio.com.mx\/index.php?rest_route=\/wp\/v2\/posts\/16429\/revisions"}],"wp:featuredmedia":[{"embeddable":true,"href":"http:\/\/elobservatorio.com.mx\/index.php?rest_route=\/wp\/v2\/media\/16430"}],"wp:attachment":[{"href":"http:\/\/elobservatorio.com.mx\/index.php?rest_route=%2Fwp%2Fv2%2Fmedia&parent=16429"}],"wp:term":[{"taxonomy":"category","embeddable":true,"href":"http:\/\/elobservatorio.com.mx\/index.php?rest_route=%2Fwp%2Fv2%2Fcategories&post=16429"},{"taxonomy":"post_tag","embeddable":true,"href":"http:\/\/elobservatorio.com.mx\/index.php?rest_route=%2Fwp%2Fv2%2Ftags&post=16429"}],"curies":[{"name":"wp","href":"https:\/\/api.w.org\/{rel}","templated":true}]}}