{"id":16485,"date":"2021-05-25T07:25:47","date_gmt":"2021-05-25T12:25:47","guid":{"rendered":"http:\/\/elobservatorio.com.mx\/?p=16485"},"modified":"2021-05-25T07:25:47","modified_gmt":"2021-05-25T12:25:47","slug":"mely-romero-firma-acuerdos-con-la-comunidad-artistica","status":"publish","type":"post","link":"http:\/\/elobservatorio.com.mx\/?p=16485","title":{"rendered":"Mely Romero firma acuerdos con la comunidad art\u00edstica"},"content":{"rendered":"<p class=\"x_MsoNormal\"><b>*M\u00e1s apoyos para el fomento de la cultura, les ofrece la candidata de \u201cVa por Colima\u201d<\/b><\/p>\n<p class=\"x_MsoNormal\"><i>\u00a0<\/i><i>Colima, Col. 24 de mayo de 2021.-\u00a0<\/i>La candidata de la coalici\u00f3n Va por Colima al Gobierno del estado, Mely Romero Celis, firm\u00f3 acuerdos con la comunidad art\u00edstica y cultural, con quienes se comprometi\u00f3 a impulsar un programa integral de fomento cultural en todos los municipios y sus comunidades rurales, apoyando artistas consolidados y emergentes.<\/p>\n<p class=\"x_MsoNormal\">De igual forma, Romero Celis asumi\u00f3 el compromiso de establecer un programa de b\u00fasqueda de patrocinios que den soporte a los eventos que se generen; la consolidaci\u00f3n de una plataforma digital para difusi\u00f3n y promoci\u00f3n de la cultura en Colima, para mostrar el contenido cultural y la riqueza del Estado al mundo entero, y tambi\u00e9n el fortalecimiento a las actividades de los diversos talleres de las casas de la cultura.<\/p>\n<p class=\"x_MsoNormal\">Mely tambi\u00e9n expuso que formar\u00e1 un comit\u00e9 cultural y art\u00edstico estatal para el an\u00e1lisis, presentaci\u00f3n y sugerencia de los cuadros con perfiles id\u00f3neos que puedan encabezar el puesto de secretario o secretaria de Cultura, as\u00ed como la generaci\u00f3n de proyectos y programas, planeaci\u00f3n y su ejecuci\u00f3n.<\/p>\n<p class=\"x_MsoNormal\">La abanderada de la Coalici\u00f3n \u201cVa por Colima\u201d adelant\u00f3 que convertir\u00e1 una parte de la antigua zona militar en un espacio dedicado a la actividad cultural, donde los conceptos de naturaleza, artes y creatividad formar\u00e1n una experiencia atractiva y estimulante para el desarrollo de las actividades art\u00edsticas de las y los colimenses.<\/p>\n<p class=\"x_MsoNormal\">Asimismo, se comprometi\u00f3 a realizar actividades relacionadas con la intervenci\u00f3n en espacios urbanos, la red de apoyo a talentos y financiamiento de movilidad, estancias y preparaci\u00f3n de nuestros j\u00f3venes artistas, la recuperaci\u00f3n del programa de fomento a la lectura con \u00e9nfasis en la difusi\u00f3n de contenidos hacia la sociedad, paralelamente a la estrategia de lectura escolar.<\/p>\n<p class=\"x_MsoNormal\">Agreg\u00f3 que adem\u00e1s crear\u00e1 un sello editorial colimense, promover\u00e1 un circuito de difusi\u00f3n cultural y se fortalecer\u00e1, en coordinaci\u00f3n con los municipios, las casas de la cultura situ\u00e1ndolas como centros art\u00edsticos y culturales con actividad permanente.<\/p>\n<p class=\"x_MsoNormal\">Mely Romero precis\u00f3 que crear\u00e1 nuevos espacios de salas de cultura digital, provistas de aire acondicionado, internet de libre acceso y espacios de lectura con textos atractivos para j\u00f3venes, en convenio con la Red Nacional de Bibliotecas.<\/p>\n<p class=\"x_MsoNormal\">Adem\u00e1s de que se retomar\u00e1 el Festival Colima de Cine, para convertirlo en un evento de gran fortaleza en el circuito nacional y ubicarlo como referente del occidente del pa\u00eds, con premiaciones a categor\u00edas de material f\u00edlmico.<\/p>\n<p class=\"x_MsoNormal\">\u201cRetomar los encuentros regionales, estatales y nacionales dedicados a la danza, la m\u00fasica antigua, expresiones tradicionales, el teatro y la poes\u00eda. Y recuperar el programa \u2018Letras y Trazos en la Pared\u201d en murales del estado.<\/p>\n<p class=\"x_MsoNormal\">Finalmente, Mely Romero explic\u00f3 que todas estas acciones y propuestas se alinean con los programas Colmena creativa, Se antoja \u00b4Colima, Vive Colima, Rescate de los museos y CCrea Arte, adem\u00e1s de que crear\u00e1 una procuradur\u00eda para dar certidumbre a la transparencia del uso de los recursos a cargo de los creadores y artistas de la comunidad cultural colimense.<\/p>\n<p class=\"x_MsoNormal\">En la firma de estos compromisos estuvo presente la candidata a presidenta municipal de Colima, Margarita Moreno Gonz\u00e1lez; el candidato a diputado federal, Riult Rivera, as\u00ed como representantes de la comunidad art\u00edstica del Estado de Colima.<\/p>\n","protected":false},"excerpt":{"rendered":"<p>*M\u00e1s apoyos para el fomento de la cultura, les ofrece la candidata de \u201cVa por Colima\u201d \u00a0Colima, Col. 24 de mayo de 2021.-\u00a0La candidata de la coalici\u00f3n Va por Colima al Gobierno del estado, Mely Romero Celis, firm\u00f3 acuerdos con la comunidad art\u00edstica y cultural, con quienes se comprometi\u00f3 a impulsar un programa integral de&#8230;<\/p>\n","protected":false},"author":2,"featured_media":16486,"comment_status":"open","ping_status":"open","sticky":false,"template":"","format":"standard","meta":{"footnotes":""},"categories":[52,10],"tags":[29,30,28],"class_list":["post-16485","post","type-post","status-publish","format-standard","has-post-thumbnail","hentry","category-elecciones-2021","category-politica","tag-grid","tag-news","tag-slider"],"_links":{"self":[{"href":"http:\/\/elobservatorio.com.mx\/index.php?rest_route=\/wp\/v2\/posts\/16485"}],"collection":[{"href":"http:\/\/elobservatorio.com.mx\/index.php?rest_route=\/wp\/v2\/posts"}],"about":[{"href":"http:\/\/elobservatorio.com.mx\/index.php?rest_route=\/wp\/v2\/types\/post"}],"author":[{"embeddable":true,"href":"http:\/\/elobservatorio.com.mx\/index.php?rest_route=\/wp\/v2\/users\/2"}],"replies":[{"embeddable":true,"href":"http:\/\/elobservatorio.com.mx\/index.php?rest_route=%2Fwp%2Fv2%2Fcomments&post=16485"}],"version-history":[{"count":0,"href":"http:\/\/elobservatorio.com.mx\/index.php?rest_route=\/wp\/v2\/posts\/16485\/revisions"}],"wp:featuredmedia":[{"embeddable":true,"href":"http:\/\/elobservatorio.com.mx\/index.php?rest_route=\/wp\/v2\/media\/16486"}],"wp:attachment":[{"href":"http:\/\/elobservatorio.com.mx\/index.php?rest_route=%2Fwp%2Fv2%2Fmedia&parent=16485"}],"wp:term":[{"taxonomy":"category","embeddable":true,"href":"http:\/\/elobservatorio.com.mx\/index.php?rest_route=%2Fwp%2Fv2%2Fcategories&post=16485"},{"taxonomy":"post_tag","embeddable":true,"href":"http:\/\/elobservatorio.com.mx\/index.php?rest_route=%2Fwp%2Fv2%2Ftags&post=16485"}],"curies":[{"name":"wp","href":"https:\/\/api.w.org\/{rel}","templated":true}]}}