{"id":1649,"date":"2019-01-17T20:21:54","date_gmt":"2019-01-17T20:21:54","guid":{"rendered":"http:\/\/elobservatorio.com.mx\/regidor-serapio-propone-campana-de-descuentos-en-licencias-de-conducir-y-placas"},"modified":"2019-01-17T20:21:54","modified_gmt":"2019-01-17T20:21:54","slug":"regidor-serapio-propone-campana-de-descuentos-en-licencias-de-conducir-y-placas","status":"publish","type":"post","link":"http:\/\/elobservatorio.com.mx\/?p=1649","title":{"rendered":"Regidor Serapio propone campa\u00f1a de descuentos en licencias de conducir y placas"},"content":{"rendered":"<p>Tecom\u00e1n, Col.- Serapio de Casas Miramontes, regidor y presidente de la comisi\u00f3n de participaci\u00f3n ciudadana, dio a conocer que en d\u00edas pasados env\u00edo a la Secretaria del Ayuntamiento de Tecom\u00e1n, la iniciativa para proponer al Gobierno y Congreso del Estado de Colima la realizaci\u00f3n de una campa\u00f1a de descuentos en la expedici\u00f3n de licencias de conducir y placas para los habitantes del municipio de Tecom\u00e1n.<\/p>\n<p>De Casas Miramontes, mencion\u00f3 que la iniciativa la present\u00f3 en coordinaci\u00f3n con la Lic. Samira Ceja Torres, sindico municipal, y espera que en la pr\u00f3xima sesi\u00f3n de cabildo ordinaria o extraordinaria se presente como punto de acuerdo dentro del desarrollo de la sesi\u00f3n, la propuesta es que en el mes de Marzo de este a\u00f1o se lleve a cabo en la cabecera municipal y en el mes de Abril para los habitantes de las comunidades rurales.<\/p>\n<p>\u00abLa iniciativa se presenta en virtud del reciente incremento en la expedici\u00f3n de placas de moto y de las licencias de conducir, aunque en estas ultimas fue poco el incremento, sin embargo en el caso de las placas de motociclistas en el a\u00f1o 2018 se pagaba la cantidad de 322 pesos y a partir del 1 de Enero el costo es de 806 pesos, lo cual afecta severamente la econom\u00eda familiar de quienes cuentan con una motocicleta para trasladarse a sus trabajo o quienes realizan la baja y alta de propietario\u00bb.<\/p>\n<p>En tanto el regidor Serapio de Casas como la sindico municipal Samira Ceja, conf\u00edan en que sus compa\u00f1eros de cabildo aprueben su propuesta y sea enviado al congreso del estado para la autorizaci\u00f3n y publicaci\u00f3n del mismo como lo han solicitado.<\/p>\n","protected":false},"excerpt":{"rendered":"<p>Tecom\u00e1n, Col.- Serapio de Casas Miramontes, regidor y presidente de la comisi\u00f3n de participaci\u00f3n ciudadana, dio a conocer que en d\u00edas pasados env\u00edo a la Secretaria del Ayuntamiento de Tecom\u00e1n, la iniciativa para proponer al Gobierno y Congreso del Estado de Colima la realizaci\u00f3n de una campa\u00f1a de descuentos en la expedici\u00f3n de licencias de&#8230;<\/p>\n","protected":false},"author":2,"featured_media":1650,"comment_status":"open","ping_status":"open","sticky":false,"template":"","format":"standard","meta":{"footnotes":""},"categories":[8,34],"tags":[29,30,28],"class_list":["post-1649","post","type-post","status-publish","format-standard","has-post-thumbnail","hentry","category-municipios","category-tecoman","tag-grid","tag-news","tag-slider"],"_links":{"self":[{"href":"http:\/\/elobservatorio.com.mx\/index.php?rest_route=\/wp\/v2\/posts\/1649"}],"collection":[{"href":"http:\/\/elobservatorio.com.mx\/index.php?rest_route=\/wp\/v2\/posts"}],"about":[{"href":"http:\/\/elobservatorio.com.mx\/index.php?rest_route=\/wp\/v2\/types\/post"}],"author":[{"embeddable":true,"href":"http:\/\/elobservatorio.com.mx\/index.php?rest_route=\/wp\/v2\/users\/2"}],"replies":[{"embeddable":true,"href":"http:\/\/elobservatorio.com.mx\/index.php?rest_route=%2Fwp%2Fv2%2Fcomments&post=1649"}],"version-history":[{"count":0,"href":"http:\/\/elobservatorio.com.mx\/index.php?rest_route=\/wp\/v2\/posts\/1649\/revisions"}],"wp:featuredmedia":[{"embeddable":true,"href":"http:\/\/elobservatorio.com.mx\/index.php?rest_route=\/wp\/v2\/media\/1650"}],"wp:attachment":[{"href":"http:\/\/elobservatorio.com.mx\/index.php?rest_route=%2Fwp%2Fv2%2Fmedia&parent=1649"}],"wp:term":[{"taxonomy":"category","embeddable":true,"href":"http:\/\/elobservatorio.com.mx\/index.php?rest_route=%2Fwp%2Fv2%2Fcategories&post=1649"},{"taxonomy":"post_tag","embeddable":true,"href":"http:\/\/elobservatorio.com.mx\/index.php?rest_route=%2Fwp%2Fv2%2Ftags&post=1649"}],"curies":[{"name":"wp","href":"https:\/\/api.w.org\/{rel}","templated":true}]}}