{"id":16498,"date":"2021-05-25T08:13:39","date_gmt":"2021-05-25T13:13:39","guid":{"rendered":"http:\/\/elobservatorio.com.mx\/?p=16498"},"modified":"2021-05-25T08:13:39","modified_gmt":"2021-05-25T13:13:39","slug":"oscar-avalos-se-perfila-como-el-indiscutible-ganador-de-la-diputacion-federal-por-el-distrito-2","status":"publish","type":"post","link":"http:\/\/elobservatorio.com.mx\/?p=16498","title":{"rendered":"Oscar Avalos se perfila como el indiscutible ganador de la diputaci\u00f3n federal por el distrito 2"},"content":{"rendered":"<p>\u00d3scar \u00c1valos candidato a la Diputaci\u00f3n Federal por el Distrito #2 de la Alianza \u201cVa por Colima\u201d, conformada por los partidos PRI-PAN-PRD, llega a la recta final de la campa\u00f1a pol\u00edtica, como el candidato mejor posicionado y con mayor aceptaci\u00f3n.<br \/>\n\u00c1valos es oriundo del municipio de Tecom\u00e1n, en donde tuvo la oportunidad de ser Presidente Municipal y dejar como legado una importante obra publica que moderniz\u00f3 al municipio costero, cuenta de ello dan la Casa de la Cultura, el Museo Arqueol\u00f3gico Caxitl\u00e1n, el libramiento Fernando Moreno Pe\u00f1a, la escultura monumental \u201cEl Limonero\u201d, la ampliaci\u00f3n de la Carretera a Cerro de Ortega -que conecta al municipio con el Estado de Michoac\u00e1n-, la estaci\u00f3n de bomberos, entre muchas otras que hasta el d\u00eda de hoy se encuentran de pie.<br \/>\nReconocido por su importante activismo social en pro de personas en situaci\u00f3n de vulnerabilidad, su alto sentido humano y accesibilidad, Oscar Avalos ha logrado concentrar la suma de miles de voluntades de Colimenses del Distrito 2, que ven en el agro-empresario una opci\u00f3n seria y responsable para representarlos en el Congreso de la Uni\u00f3n, es por ello que todas las encuestas ubican a Oscar, como el indiscutible ganador de esta contienda, con una ventaja pr\u00e1cticamente irreversible<\/p>\n","protected":false},"excerpt":{"rendered":"<p>\u00d3scar \u00c1valos candidato a la Diputaci\u00f3n Federal por el Distrito #2 de la Alianza \u201cVa por Colima\u201d, conformada por los partidos PRI-PAN-PRD, llega a la recta final de la campa\u00f1a pol\u00edtica, como el candidato mejor posicionado y con mayor aceptaci\u00f3n. \u00c1valos es oriundo del municipio de Tecom\u00e1n, en donde tuvo la oportunidad de ser Presidente&#8230;<\/p>\n","protected":false},"author":2,"featured_media":16499,"comment_status":"open","ping_status":"open","sticky":false,"template":"","format":"standard","meta":{"footnotes":""},"categories":[52,10],"tags":[29,30,28],"class_list":["post-16498","post","type-post","status-publish","format-standard","has-post-thumbnail","hentry","category-elecciones-2021","category-politica","tag-grid","tag-news","tag-slider"],"_links":{"self":[{"href":"http:\/\/elobservatorio.com.mx\/index.php?rest_route=\/wp\/v2\/posts\/16498"}],"collection":[{"href":"http:\/\/elobservatorio.com.mx\/index.php?rest_route=\/wp\/v2\/posts"}],"about":[{"href":"http:\/\/elobservatorio.com.mx\/index.php?rest_route=\/wp\/v2\/types\/post"}],"author":[{"embeddable":true,"href":"http:\/\/elobservatorio.com.mx\/index.php?rest_route=\/wp\/v2\/users\/2"}],"replies":[{"embeddable":true,"href":"http:\/\/elobservatorio.com.mx\/index.php?rest_route=%2Fwp%2Fv2%2Fcomments&post=16498"}],"version-history":[{"count":0,"href":"http:\/\/elobservatorio.com.mx\/index.php?rest_route=\/wp\/v2\/posts\/16498\/revisions"}],"wp:featuredmedia":[{"embeddable":true,"href":"http:\/\/elobservatorio.com.mx\/index.php?rest_route=\/wp\/v2\/media\/16499"}],"wp:attachment":[{"href":"http:\/\/elobservatorio.com.mx\/index.php?rest_route=%2Fwp%2Fv2%2Fmedia&parent=16498"}],"wp:term":[{"taxonomy":"category","embeddable":true,"href":"http:\/\/elobservatorio.com.mx\/index.php?rest_route=%2Fwp%2Fv2%2Fcategories&post=16498"},{"taxonomy":"post_tag","embeddable":true,"href":"http:\/\/elobservatorio.com.mx\/index.php?rest_route=%2Fwp%2Fv2%2Ftags&post=16498"}],"curies":[{"name":"wp","href":"https:\/\/api.w.org\/{rel}","templated":true}]}}