{"id":16522,"date":"2021-05-26T21:12:25","date_gmt":"2021-05-27T02:12:25","guid":{"rendered":"http:\/\/elobservatorio.com.mx\/?p=16522"},"modified":"2021-05-26T21:12:25","modified_gmt":"2021-05-27T02:12:25","slug":"la-fuerza-electoral-de-mayor-crecimiento-en-el-pais-es-movimiento-ciudadano-dante-delgado","status":"publish","type":"post","link":"http:\/\/elobservatorio.com.mx\/?p=16522","title":{"rendered":"La fuerza electoral de mayor crecimiento en el pa\u00eds es Movimiento Ciudadano: Dante Delgado"},"content":{"rendered":"<p>Tecom\u00e1n, Col. En visita por Tecom\u00e1n, el Coordinador Nacional del partido Movimiento Ciudadano, el senador de la Rep\u00fablica Dante Alfonso Delgado Rannauro, se reuni\u00f3n con los candidatos de MC, de todo el Estado de Colima, en donde los exhort\u00f3 a seguir trabajando en equipo en esta contienda electoral \u201cvamos a acreditar que se puede obtener la victoria en el Estado, es por eso que a nuestro candidato a la gubernatura Locho Mor\u00e1n lo han estado atacando\u201d.<\/p>\n<p>Se\u00f1al\u00f3 que los abogados con los que se cuenta, se est\u00e1n preparando para la defensa legal de los triunfos en el Estado, \u201cse est\u00e1 violentando la normatividad legal y constitucional, aun as\u00ed vamos a derrotarlos, vamos a ganarles, queremos que sepan que tengan bien claro que la fuerza electoral de mayor crecimiento del pa\u00eds es Movimiento Ciudadano, ustedes lo van a ver, ustedes lo sienten aqu\u00ed en Colima y lo estamos construyendo en todo el pa\u00eds, pero si hay un gobierno encargado de destruir a los liderazgos nacionales y los liderazgos regionales, debe haber una fuerza encargada de alentar el surgimiento de nuevos liderazgos que requieren atenciones y que requiere M\u00e9xico\u201d.<\/p>\n<p>Delgado Rannauro, dijo sentirse feliz porque en Colima la participaci\u00f3n de j\u00f3venes en este comicio electoral es muy nutrida, por lo que los felicit\u00f3 e invit\u00f3 a poner toda su energ\u00eda en este nuevo proyecto, el cual har\u00e1 qu\u00e9 Colima tenga un cambio verdadero lleno de entusiasmo y nuevas ideas, \u00abveo que son hombres y mujeres entusiastas, resueltos y comprometidos, hombres y mujeres de bien que est\u00e1n participando para servirle a la gente que quieren y a la que se deben; gracias por lo que nos han dado a todos, les reitero que la mayor fuerza que se est\u00e1 generando es la que hacen ustedes, el cambio lo vamos a hacer con un realineamiento de fuerzas \u00ab.<\/p>\n<p>El senador y coordinador de MC Nacional, dijo que el proyecto que a nivel estatal encabeza Locho Mor\u00e1n y que es \u00abun proyecto social pensando en el bienestar, pero tambi\u00e9n con servicio a la comunidad, esto es lo que hacen ustedes, quieren que haya servicio a la comunidad, quieren participaci\u00f3n ciudadana, quieren democracia participativa y eso es por lo que ustedes todos los d\u00edas est\u00e1n luchando y est\u00e1n levantando como bandera, esa es la diferencia, por eso Movimiento Ciudadano es m\u00e1s s\u00f3lido, m\u00e1s fuerte que cualquier instituci\u00f3n electoral que existe en nuestro pa\u00eds y eso va a hacer la diferencia, vamos a ganar este 2021 en el Estado de Colima, vamos a ganar la representaci\u00f3n en el Congreso de la Uni\u00f3n y vamos a ganar las alcald\u00edas del Estado, vamos todos juntos y como dice Roberto Verduzco, nuestro candidato a la presidencia de Tecom\u00e1n, Vamos de Frente, que juntos haremos que Colima escriba una nueva historia, vamos con Movimiento Ciudadano\u201d.<\/p>\n","protected":false},"excerpt":{"rendered":"<p>Tecom\u00e1n, Col. En visita por Tecom\u00e1n, el Coordinador Nacional del partido Movimiento Ciudadano, el senador de la Rep\u00fablica Dante Alfonso Delgado Rannauro, se reuni\u00f3n con los candidatos de MC, de todo el Estado de Colima, en donde los exhort\u00f3 a seguir trabajando en equipo en esta contienda electoral \u201cvamos a acreditar que se puede obtener&#8230;<\/p>\n","protected":false},"author":2,"featured_media":16523,"comment_status":"open","ping_status":"open","sticky":false,"template":"","format":"standard","meta":{"footnotes":""},"categories":[52,10],"tags":[29,30,28],"class_list":["post-16522","post","type-post","status-publish","format-standard","has-post-thumbnail","hentry","category-elecciones-2021","category-politica","tag-grid","tag-news","tag-slider"],"_links":{"self":[{"href":"http:\/\/elobservatorio.com.mx\/index.php?rest_route=\/wp\/v2\/posts\/16522"}],"collection":[{"href":"http:\/\/elobservatorio.com.mx\/index.php?rest_route=\/wp\/v2\/posts"}],"about":[{"href":"http:\/\/elobservatorio.com.mx\/index.php?rest_route=\/wp\/v2\/types\/post"}],"author":[{"embeddable":true,"href":"http:\/\/elobservatorio.com.mx\/index.php?rest_route=\/wp\/v2\/users\/2"}],"replies":[{"embeddable":true,"href":"http:\/\/elobservatorio.com.mx\/index.php?rest_route=%2Fwp%2Fv2%2Fcomments&post=16522"}],"version-history":[{"count":0,"href":"http:\/\/elobservatorio.com.mx\/index.php?rest_route=\/wp\/v2\/posts\/16522\/revisions"}],"wp:featuredmedia":[{"embeddable":true,"href":"http:\/\/elobservatorio.com.mx\/index.php?rest_route=\/wp\/v2\/media\/16523"}],"wp:attachment":[{"href":"http:\/\/elobservatorio.com.mx\/index.php?rest_route=%2Fwp%2Fv2%2Fmedia&parent=16522"}],"wp:term":[{"taxonomy":"category","embeddable":true,"href":"http:\/\/elobservatorio.com.mx\/index.php?rest_route=%2Fwp%2Fv2%2Fcategories&post=16522"},{"taxonomy":"post_tag","embeddable":true,"href":"http:\/\/elobservatorio.com.mx\/index.php?rest_route=%2Fwp%2Fv2%2Ftags&post=16522"}],"curies":[{"name":"wp","href":"https:\/\/api.w.org\/{rel}","templated":true}]}}