{"id":1655,"date":"2019-01-17T20:52:05","date_gmt":"2019-01-17T20:52:05","guid":{"rendered":"http:\/\/elobservatorio.com.mx\/capacita-pc-a-autoridades-auxiliares-para-responder-a-sus-comunidades-ante-una-emergencia"},"modified":"2019-01-17T20:52:05","modified_gmt":"2019-01-17T20:52:05","slug":"capacita-pc-a-autoridades-auxiliares-para-responder-a-sus-comunidades-ante-una-emergencia","status":"publish","type":"post","link":"http:\/\/elobservatorio.com.mx\/?p=1655","title":{"rendered":"Capacita PC a autoridades auxiliares para responder a sus comunidades ante una emergencia"},"content":{"rendered":"<p><em>*Es inter\u00e9s del alcalde, Rafael Mendoza, el que se genere cada vez con mayor \u00e9nfasis, la cultura de la prevenci\u00f3n.<\/em><\/p>\n<p>Por indicaciones del presidente municipal, Rafael Mendoza, para\u00a0 que a trav\u00e9s de la Unidad de Protecci\u00f3n civil y bomberos, se brinde capacitaci\u00f3n permanente, en la materia, a diversas instancias, organizaciones, empresas o a quienes, por sus labores, tengan contacto directo con la ciudadan\u00eda; en esta ocasi\u00f3n fueron las autoridades auxiliares quienes fueron capacitadas para poder reaccionar ante una posible contingencia.<\/p>\n<p>El director de la Unidad municipal de Protecci\u00f3n civil y bomberos, Juan Jos\u00e9 Corona G\u00f3mez, dijo que en este caso, el alcalde Rafael Mendoza, busca que haya un trabajo coordinado con las nuevas autoridades auxiliares que integran las Juntas municipales y comisar\u00edas y por ello, en la que fue la primer reuni\u00f3n de acercamiento, desarrollada en la sala de Junta del Cabildo, correspondi\u00f3 atenderlos a la Unidad municipal de Protecci\u00f3n civil.<\/p>\n<p>Corona G\u00f3mez dijo que esto se aprovech\u00f3 para brindar la capacitaci\u00f3n que lleva como objetivo \u201cmitigar y crear una cultura en materia de prevenci\u00f3n de accidentes\u201d, pues se habr\u00eda capacitado,\u00a0 tanto a presidentes de Juntas y comisarios, sobre c\u00f3mo reaccionar ante una posible contingencia en cada una de las localidades que representan.<\/p>\n<p>De igual manera,\u00a0 Jos\u00e9 Corona G\u00f3mez les dio a conocer el Plan de trabajo de la Unidad municipal a su cargo, les explic\u00f3 c\u00f3mo funciona el \u00e1rea operativa para atender cualquier contingencia en las comunidades y en general se puso a\u00a0 sus \u00f3rdenes para mantener ese contacto directo y brindar respuesta a la poblaci\u00f3n que as\u00ed lo requiera.<\/p>\n","protected":false},"excerpt":{"rendered":"<p>*Es inter\u00e9s del alcalde, Rafael Mendoza, el que se genere cada vez con mayor \u00e9nfasis, la cultura de la prevenci\u00f3n. Por indicaciones del presidente municipal, Rafael Mendoza, para\u00a0 que a trav\u00e9s de la Unidad de Protecci\u00f3n civil y bomberos, se brinde capacitaci\u00f3n permanente, en la materia, a diversas instancias, organizaciones, empresas o a quienes, por&#8230;<\/p>\n","protected":false},"author":2,"featured_media":1656,"comment_status":"open","ping_status":"open","sticky":false,"template":"","format":"standard","meta":{"footnotes":""},"categories":[40,8],"tags":[29,30,28],"class_list":["post-1655","post","type-post","status-publish","format-standard","has-post-thumbnail","hentry","category-cuauhtemoc","category-municipios","tag-grid","tag-news","tag-slider"],"_links":{"self":[{"href":"http:\/\/elobservatorio.com.mx\/index.php?rest_route=\/wp\/v2\/posts\/1655"}],"collection":[{"href":"http:\/\/elobservatorio.com.mx\/index.php?rest_route=\/wp\/v2\/posts"}],"about":[{"href":"http:\/\/elobservatorio.com.mx\/index.php?rest_route=\/wp\/v2\/types\/post"}],"author":[{"embeddable":true,"href":"http:\/\/elobservatorio.com.mx\/index.php?rest_route=\/wp\/v2\/users\/2"}],"replies":[{"embeddable":true,"href":"http:\/\/elobservatorio.com.mx\/index.php?rest_route=%2Fwp%2Fv2%2Fcomments&post=1655"}],"version-history":[{"count":0,"href":"http:\/\/elobservatorio.com.mx\/index.php?rest_route=\/wp\/v2\/posts\/1655\/revisions"}],"wp:featuredmedia":[{"embeddable":true,"href":"http:\/\/elobservatorio.com.mx\/index.php?rest_route=\/wp\/v2\/media\/1656"}],"wp:attachment":[{"href":"http:\/\/elobservatorio.com.mx\/index.php?rest_route=%2Fwp%2Fv2%2Fmedia&parent=1655"}],"wp:term":[{"taxonomy":"category","embeddable":true,"href":"http:\/\/elobservatorio.com.mx\/index.php?rest_route=%2Fwp%2Fv2%2Fcategories&post=1655"},{"taxonomy":"post_tag","embeddable":true,"href":"http:\/\/elobservatorio.com.mx\/index.php?rest_route=%2Fwp%2Fv2%2Ftags&post=1655"}],"curies":[{"name":"wp","href":"https:\/\/api.w.org\/{rel}","templated":true}]}}