{"id":16554,"date":"2021-06-01T20:43:05","date_gmt":"2021-06-02T01:43:05","guid":{"rendered":"http:\/\/elobservatorio.com.mx\/?p=16554"},"modified":"2021-06-01T20:43:05","modified_gmt":"2021-06-02T01:43:05","slug":"mely-es-la-mejor-opcion-y-unica-con-posibilidad-de-triunfo-unidos-por-colima","status":"publish","type":"post","link":"http:\/\/elobservatorio.com.mx\/?p=16554","title":{"rendered":"Mely es la mejor opci\u00f3n y \u00fanica con posibilidad de triunfo: Unidos por Colima"},"content":{"rendered":"<p class=\"x_MsoNormal\"><em>*Representa las mejores propuestas y tiene el mejor perfil<\/em><\/p>\n<p class=\"x_MsoNormal\"><i>\u00a0<\/i><i>Colima, Col. 1 de junio de 2021.-\u00a0<\/i>El movimiento S\u00ed por M\u00e9xico, encabezado por Gustavo de Hoyos, integrado por m\u00e1s de 600 organizaciones civiles, pidieron el voto a favor de la candidata de la Coalici\u00f3n \u201cVa por Colima\u201d al Gobierno del Estado, Mely Romero Celis, a quien consideran la mejor opci\u00f3n de cambio, pues representar\u00eda un contrapeso sin polarizaci\u00f3n social y una defensa real de los intereses colectivos de la sociedad.<\/p>\n<p class=\"x_MsoNormal\">\u201cQue mejor que un proyecto que viene acompa\u00f1ado por los ciudadanos, que nunca se hab\u00eda reunido con esta cohesi\u00f3n, pero que adem\u00e1s tiene el respaldo de los tres partidos que ampliamente han gobernado y que se han puesto de acuerdo para presentar lo mejor de cada uno de ellos\u201d, dijo De Hoyos en sendas reuniones con liderazgos civiles y empresariales de Colima y Manzanillo.<\/p>\n<p class=\"x_MsoNormal\">Gustavo de Hoyos, fundador de S\u00ed por M\u00e9xico, afirm\u00f3 que si la ciudadan\u00eda analiza a cada uno de los candidatos, \u201cse van a dar cuenta que Mely es la mejor propuesta para gobernar este Estado\u201d, puntualiz\u00f3 durante este encuentro en el que se present\u00f3 el movimiento Unidos por Colima.<\/p>\n<p class=\"x_MsoNormal\">Por su parte, Nazario Rodr\u00edguez Guerra, representante del sector empresarial de Tecom\u00e1n, resalt\u00f3 la importancia de estar unidos en torno al mejor proyecto, con las propuestas m\u00e1s viables y que responden de manera genuina a las necesidades de la poblaci\u00f3n, adem\u00e1s de que representa un verdadero contrapeso.<\/p>\n<p class=\"x_MsoNormal\">\u201cHoy nos hemos unido en estas elecciones porque vemos un verdadero riesgo para el Pa\u00eds, si el poder se concentra en una persona o en un partido. Creo que lo m\u00e1s sano para el Estado y para el Pa\u00eds es que haya un balance de poder y no de un solo grupo. Y al final de cuentas, coincidimos, que Mely es la mejor opci\u00f3n y estoy seguro que lo es, por eso hoy estamos aqu\u00ed\u201d, se\u00f1al\u00f3 Rodr\u00edguez Guerra.<\/p>\n<p class=\"x_MsoNormal\">De igual forma, Guillermo Brun, representante ciudadano de Colima, resalt\u00f3 que el car\u00e1cter apartidista del movimiento Unidos por Colima, as\u00ed como la necesidad de una mayor participaci\u00f3n ciudadana en esta elecci\u00f3n.<\/p>\n<p class=\"x_MsoNormal\">\u201cAs\u00ed decidimos apoyar a quien fuera la m\u00e1s fuerte para generar ese contrapeso y buscar un balance de poderes. Despu\u00e9s de muchos estudios, de mucho an\u00e1lisis de la informaci\u00f3n, vimos que la persona que m\u00e1s puede preservar este esfuerzo es Mely, como candidata de la alianza, de tres partidos que decidieron privilegiar el inter\u00e9s de Colima y que es la m\u00e1s fuerte para triunfar en esta elecci\u00f3n\u201d, se\u00f1al\u00f3 Brun.<\/p>\n<p class=\"x_MsoNormal\">Asimismo, Luis Alonso Hern\u00e1ndez, representante del sector empresarial de Manzanillo, asegur\u00f3 que estas son las elecciones m\u00e1s importantes en la historia de M\u00e9xico, en las que el enemigo a vencer es la apat\u00eda y la indecisi\u00f3n, por lo que es muy importante salir a votar y hacerlo con criterio, con an\u00e1lisis y reflexi\u00f3n, pensando en lo que m\u00e1s le conviene al Estado y al Pa\u00eds, que es la democracia y no la concentraci\u00f3n del poder.<\/p>\n<p class=\"x_MsoNormal\">\u201cLos invitamos a que se unan a este proyecto ciudadano, donde la opci\u00f3n es Mely, la \u00fanica que representa inclusi\u00f3n, pluralidad, un proyecto donde cabemos todos. Todos cabemos en ese proyecto, donde es m\u00e1s importante Colima y su gente, que los intereses personales de unos pocos, por eso los invito a que se unan a Unidos por Colima\u201d, apunt\u00f3.<\/p>\n<p class=\"x_MsoNormal\">En Manzanillo, el empresario Carlos Dom\u00ednguez Ahedo sostuvo que en Unidos por Colima no se est\u00e1 priorizando una cuesti\u00f3n de partidos o intereses personales, sino el bien de Colima, adem\u00e1s de que Mely Romero es la \u00fanica candidata que realmente le puede ganar a Morena, pues Leoncio Mor\u00e1n no tiene ninguna posibilidad.<\/p>\n<p class=\"x_MsoNormal\">A su vez, Jorge Luis Preciado, candidato a presidente municipal de Manzanillo, expuso que cada vez se suman m\u00e1s organizaciones civiles y liderazgos, pues hay un claro sector de la poblaci\u00f3n, mayoritario, que no est\u00e1 de acuerdo en la desaparici\u00f3n de programas y presupuestos, por lo que Mely Romero obtendr\u00e1 el respaldo del voto \u00fatil y obtendr\u00e1 el triunfo en la elecci\u00f3n.<\/p>\n<p class=\"x_MsoNormal\">Mely Romero agradeci\u00f3 el respaldo de S\u00ed por M\u00e9xico y Unidos por Colima, y asegur\u00f3 que su gobierno trabajar\u00e1 de la mano de las organizaciones civiles, de los expertos y especialistas, por lo que nunca tomar\u00e1 decisiones unilaterales y arbitrarias que afecten a la sociedad en general, sino que siempre tendr\u00e1 en cuenta el beneficio colectivo.<\/p>\n<p class=\"x_MsoNormal\">Asimismo, manifest\u00f3 que tiene 20 a\u00f1os acreditados en trabajo, capacidad, resultados, pero sobre todo de honestidad probada, pues no tiene denuncias penales ni se\u00f1alamientos de corrupci\u00f3n, as\u00ed como tampoco esc\u00e1ndalos personales<\/p>\n","protected":false},"excerpt":{"rendered":"<p>*Representa las mejores propuestas y tiene el mejor perfil \u00a0Colima, Col. 1 de junio de 2021.-\u00a0El movimiento S\u00ed por M\u00e9xico, encabezado por Gustavo de Hoyos, integrado por m\u00e1s de 600 organizaciones civiles, pidieron el voto a favor de la candidata de la Coalici\u00f3n \u201cVa por Colima\u201d al Gobierno del Estado, Mely Romero Celis, a quien&#8230;<\/p>\n","protected":false},"author":2,"featured_media":16555,"comment_status":"open","ping_status":"open","sticky":false,"template":"","format":"standard","meta":{"footnotes":""},"categories":[52,10],"tags":[29,30,28],"class_list":["post-16554","post","type-post","status-publish","format-standard","has-post-thumbnail","hentry","category-elecciones-2021","category-politica","tag-grid","tag-news","tag-slider"],"_links":{"self":[{"href":"http:\/\/elobservatorio.com.mx\/index.php?rest_route=\/wp\/v2\/posts\/16554"}],"collection":[{"href":"http:\/\/elobservatorio.com.mx\/index.php?rest_route=\/wp\/v2\/posts"}],"about":[{"href":"http:\/\/elobservatorio.com.mx\/index.php?rest_route=\/wp\/v2\/types\/post"}],"author":[{"embeddable":true,"href":"http:\/\/elobservatorio.com.mx\/index.php?rest_route=\/wp\/v2\/users\/2"}],"replies":[{"embeddable":true,"href":"http:\/\/elobservatorio.com.mx\/index.php?rest_route=%2Fwp%2Fv2%2Fcomments&post=16554"}],"version-history":[{"count":0,"href":"http:\/\/elobservatorio.com.mx\/index.php?rest_route=\/wp\/v2\/posts\/16554\/revisions"}],"wp:featuredmedia":[{"embeddable":true,"href":"http:\/\/elobservatorio.com.mx\/index.php?rest_route=\/wp\/v2\/media\/16555"}],"wp:attachment":[{"href":"http:\/\/elobservatorio.com.mx\/index.php?rest_route=%2Fwp%2Fv2%2Fmedia&parent=16554"}],"wp:term":[{"taxonomy":"category","embeddable":true,"href":"http:\/\/elobservatorio.com.mx\/index.php?rest_route=%2Fwp%2Fv2%2Fcategories&post=16554"},{"taxonomy":"post_tag","embeddable":true,"href":"http:\/\/elobservatorio.com.mx\/index.php?rest_route=%2Fwp%2Fv2%2Ftags&post=16554"}],"curies":[{"name":"wp","href":"https:\/\/api.w.org\/{rel}","templated":true}]}}