{"id":1658,"date":"2019-01-17T21:15:44","date_gmt":"2019-01-17T21:15:44","guid":{"rendered":"http:\/\/elobservatorio.com.mx\/amlo-envia-terna-al-senado-para-la-fiscalia-general-no-figura-marcos-santana"},"modified":"2019-01-17T21:15:44","modified_gmt":"2019-01-17T21:15:44","slug":"amlo-envia-terna-al-senado-para-la-fiscalia-general-no-figura-marcos-santana","status":"publish","type":"post","link":"http:\/\/elobservatorio.com.mx\/?p=1658","title":{"rendered":"AMLO env\u00eda terna al senado para la Fiscal\u00eda General; no figura Marcos Santana"},"content":{"rendered":"<p>Como se esperaba, el presidente Andr\u00e9s Manuel L\u00f3pez Obrador, envi\u00f3 al Senado la terna de aspirantes a ocupar la Fiscal\u00eda General de la Rep\u00fablica.<\/p>\n<p>El documento con los nombres lleg\u00f3 procedente de la Secretar\u00eda de Gobernaci\u00f3n y firmado por la secretaria, Olga S\u00e1nchez Cordero, como explica el presidente de los senadores, Mart\u00ed Batres.<\/p>\n<p>\u201cCiudadano Bernardo B\u00e1tiz V\u00e1zquez, ciudadana Eva Ver\u00f3nica de Gyves Z\u00e1rate, ciudadano Alejandro Gertz Manero, a tal efecto anexo al presente la comunicaci\u00f3n original suscrita por el ciudadano Presidente de la Rep\u00fablica licenciado Andr\u00e9s Manuel L\u00f3pez Obrador, as\u00ed como los datos curriculares de las citadas personas\u201d.<\/p>\n<p>El documento fue turnado a la Comisi\u00f3n de Justicia, \u00f3rgano ante el cual comparecer\u00e1n esta tarde los tres candidatos, por lo que ser\u00e1 ma\u00f1ana cuando en sesi\u00f3n del pleno por votaci\u00f3n en urna, sea definido al primer fiscal de la naci\u00f3n.<\/p>\n<p>El nombre del colimense Marcos Santana no figura en esa terna<\/p>\n<p>Con informaci\u00f3n de <em>Notisistema.com<\/em><\/p>\n","protected":false},"excerpt":{"rendered":"<p>Como se esperaba, el presidente Andr\u00e9s Manuel L\u00f3pez Obrador, envi\u00f3 al Senado la terna de aspirantes a ocupar la Fiscal\u00eda General de la Rep\u00fablica. El documento con los nombres lleg\u00f3 procedente de la Secretar\u00eda de Gobernaci\u00f3n y firmado por la secretaria, Olga S\u00e1nchez Cordero, como explica el presidente de los senadores, Mart\u00ed Batres. \u201cCiudadano Bernardo&#8230;<\/p>\n","protected":false},"author":2,"featured_media":1659,"comment_status":"open","ping_status":"open","sticky":false,"template":"","format":"standard","meta":{"footnotes":""},"categories":[13],"tags":[29,30,28],"class_list":["post-1658","post","type-post","status-publish","format-standard","has-post-thumbnail","hentry","category-nacion-y-mundo","tag-grid","tag-news","tag-slider"],"_links":{"self":[{"href":"http:\/\/elobservatorio.com.mx\/index.php?rest_route=\/wp\/v2\/posts\/1658"}],"collection":[{"href":"http:\/\/elobservatorio.com.mx\/index.php?rest_route=\/wp\/v2\/posts"}],"about":[{"href":"http:\/\/elobservatorio.com.mx\/index.php?rest_route=\/wp\/v2\/types\/post"}],"author":[{"embeddable":true,"href":"http:\/\/elobservatorio.com.mx\/index.php?rest_route=\/wp\/v2\/users\/2"}],"replies":[{"embeddable":true,"href":"http:\/\/elobservatorio.com.mx\/index.php?rest_route=%2Fwp%2Fv2%2Fcomments&post=1658"}],"version-history":[{"count":0,"href":"http:\/\/elobservatorio.com.mx\/index.php?rest_route=\/wp\/v2\/posts\/1658\/revisions"}],"wp:featuredmedia":[{"embeddable":true,"href":"http:\/\/elobservatorio.com.mx\/index.php?rest_route=\/wp\/v2\/media\/1659"}],"wp:attachment":[{"href":"http:\/\/elobservatorio.com.mx\/index.php?rest_route=%2Fwp%2Fv2%2Fmedia&parent=1658"}],"wp:term":[{"taxonomy":"category","embeddable":true,"href":"http:\/\/elobservatorio.com.mx\/index.php?rest_route=%2Fwp%2Fv2%2Fcategories&post=1658"},{"taxonomy":"post_tag","embeddable":true,"href":"http:\/\/elobservatorio.com.mx\/index.php?rest_route=%2Fwp%2Fv2%2Ftags&post=1658"}],"curies":[{"name":"wp","href":"https:\/\/api.w.org\/{rel}","templated":true}]}}