{"id":16602,"date":"2021-06-10T12:50:25","date_gmt":"2021-06-10T17:50:25","guid":{"rendered":"http:\/\/elobservatorio.com.mx\/?p=16602"},"modified":"2021-06-10T12:50:25","modified_gmt":"2021-06-10T17:50:25","slug":"del-triunfo-de-morena-en-colima-2021-parte-i","status":"publish","type":"post","link":"http:\/\/elobservatorio.com.mx\/?p=16602","title":{"rendered":"Del Triunfo de Morena en Colima 2021. Parte I."},"content":{"rendered":"<p><em>Carlos Ramiro Vargas.<\/em><\/p>\n<p>Como ya es un hecho, oficial, la candidata de Morena partido a la gubernatura de Colima, Indira Vizca\u00edno Silva, result\u00f3 ganadora en la competencia por el m\u00e1ximo cargo pol\u00edtico en la entidad. Con menos de 4 puntos porcentuales sobre su m\u00e1s cercana competidora, la pri\u00edsta, Mely Romero. Quien nunca entendi\u00f3 que antropol\u00f3gicamente hablando, la mayor parte del pueblo colimense ya no dar\u00eda marcha atr\u00e1s, en su decisi\u00f3n tomada desde el 2018 a favor de Morena y de Andr\u00e9s Manuel L\u00f3pez Obrador.<\/p>\n<p>Por todos los agravios cometidos por los muy bandidos gobernadores pri\u00edstas, y sus equipos, que hicieron lo que quisieron con los colimenses, a lo largo de noventa a\u00f1os.<\/p>\n<p>As\u00ed como tampoco los colimenses le volver\u00edan a dar otra oportunidad al PAN, tras su alianza c\u00ednica en nuestra entidad, con el pri\/des gobernador colimense, y Genocida por Omisi\u00f3n, \u00a0Ignacio Peralta S\u00e1nchez. Incluyendo al ex candidato albi\/azul a la gubernatura, en 2015,\u00a0 Jorge Lu\u00eds Preciado, quien tras difuminar su rostro opositor y radical, no pudo ganar la alcald\u00eda de Manzanillo, que volver\u00e1 a quedar en las manos de la se\u00f1ora, Griselda Mart\u00ednez.<\/p>\n<p>2: Al no haber candidatos a gobernador con verdadero car\u00e1cter democr\u00e1tico y alternativo, y con un proceso electoral lleno de candidatos basura, para todos los cargos habidos y por haber, la participaci\u00f3n ciudadana cay\u00f3 quince por ciento, pues si en el 2018 lleg\u00f3 a un 65 por ciento de votaci\u00f3n, hoy alcanz\u00f3 con dificultad el 50 por ciento. Lo que significa que m\u00e1s de 250 mil colimenses no participaron en este proceso de elecciones intermedias.<\/p>\n<p>Con semejante situaci\u00f3n, es obvia la inutilidad del instituto electoral estatal, Colima, para impulsar condiciones m\u00e1s sanas de votaci\u00f3n sin tanto exceso de simulaci\u00f3n.<\/p>\n<p>3: Indira Vizca\u00edno venci\u00f3 en un proceso electoral con un m\u00ednimo de diferencia respecto a la candidata del PRI, casi empate t\u00e9cnico, porque de los 250 mil colimenses que votaron, de un padr\u00f3n electoral de un poco m\u00e1s de medio mill\u00f3n de votantes, casi el 70 por ciento lo hicieron en contra de Morena y su candidata, sumando los votos divididos de los candidatos opositores del PRI, Mely Romero, MC, Leoncio Mor\u00e1n, con un 20 por ciento, Virgilio Mendoza PVEM, 15 por ciento, m\u00e1s los candidatos de RSP, PES y PT.<\/p>\n<p>Opositores incapaces de presentar un frente unido, en lugar del desfile de egos en los que result\u00f3 su participaci\u00f3n en este proceso.<\/p>\n<p>Datos a tomar en cuenta, si es que Indira Vizca\u00edno quiere pasar a la historia como una gobernante visionaria e incluyente.<\/p>\n<p>En este rechazo a Morena en su conjunto, aqu\u00ed en Colima, algo tiene que ver el c\u00famulo de errores e inconsistencias manifestados por L\u00f3pez Obrador, como presidente de la Rep\u00fablica. Y fue por ello, que su principal merolico en la entidad, el ex diputado local, Vladimir Parra, perdi\u00f3 frente al muy serio y decente Riutl Rivera, PAN, la diputaci\u00f3n federal del distrito Uno que incluye a Colima capital.<\/p>\n<p>Cuando m\u00e1s que nunca, AMLO requiere cr\u00edticos sanos de izquierda, y no sus borregos viles como son en Morena Colima.<\/p>\n<p>4: Indira Vizca\u00edno y su Morena Colima, partido que ha sido incapaz de construir un espacio democr\u00e1tico, incluyente y deliberativo, aqu\u00ed en la entidad; vencieron m\u00e1s, por una pol\u00edtica de alianzas vergonzosas con el pri\/des gobernador Ignacio Peralta, que por su compromiso al lado de las luchas y conflictos populares, lo cual ha representado un des\/dibujamiento total de Morena como partido de izquierda y aliado a los trabajadores del campo y la ciudad.<\/p>\n<p>En ese sentido, las componendas de Indira con el pri\u00edsta Ignacio Peralta, repiten los mismos vicios del PRD colimote, sometido por gusto propio a los pri porros enquistados en la Universidad de Colima.<\/p>\n<p>Por ello, los votantes no vieron mayores diferencias entre Mely Romero e Indira Vizca\u00edno. Cuando los principales impulsores de la candidatura de Mely, fueron los pri porros de la Universidad de Colima, y su cacique y matarife mayor, Fernando Moreno Pe\u00f1a.<\/p>\n<p>En segundo lugar, las 130 mil becas repartidas entre la poblaci\u00f3n; y la campa\u00f1a adelantada de promoci\u00f3n pol\u00edtica, ilegal adem\u00e1s, para la gubernatura por parte de Indira, a lo largo de dos a\u00f1os, manipulando su cargo donde como coordinadora de los eufem\u00edsticamente llamados \u201cprogramas sociales\u201d, federales, la Vizca\u00edno hacia sentir a la gente, como si el dinero entregado fuese producto de su personal gesti\u00f3n, fue el segundo factor de importancia en este relativo triunfo morenista.<\/p>\n<p>Adem\u00e1s de que Indira fue Secretaria de Desarrollo Social con el gabinete de Ignacio Peralta, del 2016 a inicios del 2018, y c\u00f3mplice de todos los excesos y abusos de poder de tan in\u00fatil gobernador. Apoyado en Colima por el PRI, PAN y MC.<\/p>\n<p>Tales complicidades ha incluido la defensa de Peralta por parte de Indira Vizca\u00edno, ante el cumulo de matanzas sin nombre que se han cernido en nuestra entidad desde el 2016 a la fecha, ante el gobierno federal.<\/p>\n<p>Su mutismo morenista ante un verdadero Genocidio por Omisi\u00f3n*, responsabilidad directa del gobernador Ignacio Peralta, que ha llenado a Colima de fosas comunes como nunca se hab\u00eda visto en nuestro estado, incluyendo la guerra cristera, y que llega\u00a0 a la cifra de 4 mil asesinados y mil, 500 desaparecidos, en tan solo cuatro a\u00f1os, hacen de Indira Vizca\u00edno una pol\u00edtica m\u00e1s de derecha que de izquierda autentica y social. Y una traidora a los m\u00e1s duros sufrimientos de nuestra sociedad.<\/p>\n<p>Pues s\u00f3lo por este motivo del ocultado por la prensa vendida local y el mismo gobierno, del terrible\u00a0 Genocidio colimense, m\u00e1s el asesinato del adolescente en aquella memorable orgia, del ex secretario de Turismo peraltista, hace dos a\u00f1os; Ignacio Peralta, gobernador, merec\u00eda juicio pol\u00edtico y desafuero inmediatos.<\/p>\n<p>Pero el silencio c\u00f3mplice de Indira Vizca\u00edno, al respecto, y de todos los dirigentes de Morena, Colima, han sido un factor que alienta la violencia criminal en nuestra entidad.<\/p>\n<p>Las agresiones de Indira Vizca\u00edno y de Vladimir Parra, contra los verdaderos fundadores de Morena en Colima, como el recientemente fallecido, General Gallardo, h\u00e9roe mundial en materia de derechos humanos, o contra Carlos V\u00e1zquez Oldenbourg, no tienen perd\u00f3n en un partido que se dice de izquierda y dizque democr\u00e1tico. Todo para impulsar candidatos pri\u00edstas de derecha infiltrados en Morena, con la venia de la misma, Indira,\u00a0 como Gisela M\u00e9ndez, ex secretaria en el gabinete peraltista, quien perdi\u00f3 en Colima capital, ante la pri\u00edsta, Margarita Moreno.<\/p>\n<p>A diferencia de los 15 diputados locales que Morena obtuvo en 2018, quienes terminaron divididos por la incompetencia de Vladimir Parra, hoy Morena s\u00f3lo logr\u00f3 siete diputados de mayor\u00eda. Y si bien gan\u00f3 en los principales municipios, perdi\u00f3 Colima, capital, y en Cuauht\u00e9moc, Comala y Minatitl\u00e1n, ante el PAN.<\/p>\n<p><strong><em>Carlos Ramiro Vargas. Todos los Derechos Reservados.<\/em><\/strong><\/p>\n<p><strong><em>Stockholm. Sweden. 6 de junio, 2021.<\/em><\/strong><\/p>\n","protected":false},"excerpt":{"rendered":"<p>Carlos Ramiro Vargas. Como ya es un hecho, oficial, la candidata de Morena partido a la gubernatura de Colima, Indira Vizca\u00edno Silva, result\u00f3 ganadora en la competencia por el m\u00e1ximo cargo pol\u00edtico en la entidad. Con menos de 4 puntos porcentuales sobre su m\u00e1s cercana competidora, la pri\u00edsta, Mely Romero. Quien nunca entendi\u00f3 que antropol\u00f3gicamente&#8230;<\/p>\n","protected":false},"author":2,"featured_media":6370,"comment_status":"open","ping_status":"open","sticky":false,"template":"","format":"standard","meta":{"footnotes":""},"categories":[11],"tags":[29,30,28],"class_list":["post-16602","post","type-post","status-publish","format-standard","has-post-thumbnail","hentry","category-opinion","tag-grid","tag-news","tag-slider"],"_links":{"self":[{"href":"http:\/\/elobservatorio.com.mx\/index.php?rest_route=\/wp\/v2\/posts\/16602"}],"collection":[{"href":"http:\/\/elobservatorio.com.mx\/index.php?rest_route=\/wp\/v2\/posts"}],"about":[{"href":"http:\/\/elobservatorio.com.mx\/index.php?rest_route=\/wp\/v2\/types\/post"}],"author":[{"embeddable":true,"href":"http:\/\/elobservatorio.com.mx\/index.php?rest_route=\/wp\/v2\/users\/2"}],"replies":[{"embeddable":true,"href":"http:\/\/elobservatorio.com.mx\/index.php?rest_route=%2Fwp%2Fv2%2Fcomments&post=16602"}],"version-history":[{"count":0,"href":"http:\/\/elobservatorio.com.mx\/index.php?rest_route=\/wp\/v2\/posts\/16602\/revisions"}],"wp:featuredmedia":[{"embeddable":true,"href":"http:\/\/elobservatorio.com.mx\/index.php?rest_route=\/wp\/v2\/media\/6370"}],"wp:attachment":[{"href":"http:\/\/elobservatorio.com.mx\/index.php?rest_route=%2Fwp%2Fv2%2Fmedia&parent=16602"}],"wp:term":[{"taxonomy":"category","embeddable":true,"href":"http:\/\/elobservatorio.com.mx\/index.php?rest_route=%2Fwp%2Fv2%2Fcategories&post=16602"},{"taxonomy":"post_tag","embeddable":true,"href":"http:\/\/elobservatorio.com.mx\/index.php?rest_route=%2Fwp%2Fv2%2Ftags&post=16602"}],"curies":[{"name":"wp","href":"https:\/\/api.w.org\/{rel}","templated":true}]}}